{"id":1000,"date":"2022-09-22T12:26:53","date_gmt":"2022-09-22T12:26:53","guid":{"rendered":"https:\/\/www.icgiovannipaoloii.edu.it\/blog\/?p=1000"},"modified":"2022-09-22T12:26:53","modified_gmt":"2022-09-22T12:26:53","slug":"giornata-della-pace-2022","status":"publish","type":"post","link":"https:\/\/www.icgiovannipaoloii.edu.it\/blog\/primaria\/giornata-della-pace-2022\/","title":{"rendered":"Giornata della pace 2022"},"content":{"rendered":"\n<p class=\"wp-block-paragraph\">Il 21 Settembre  \u00e8 stata la giornata della pace e in un periodo come quello che stiamo vivendo \u00e8 stato naturale oltre che doveroso, dare uno spazio ancor pi\u00f9 speciale a questo evento.<\/p>\n\n\n\n<p class=\"wp-block-paragraph\">In particolare gli alunni delle classi quinte della Scuola Primaria si sono impegnati nella riflessione preparando un&#8217;attivit\u00e0 da condividere insieme. Hanno dato ampio spazio alla fantasia scegliendo ognuna un&#8217;espressione diversa della propria riflessione: chi ha realizzato cartelloni, chi poesie, chi si \u00e8 espresso col canto e chi, col cuore in mano, ha condiviso davanti a tutti il proprio pensiero di pace.<\/p>\n\n\n\n<p class=\"wp-block-paragraph\">Il momento di condivisione in giardino \u00e8 stato veramente bello e toccante ed \u00e8 culminato con la piantumazione di un piccolo albero di ulivo in quello che diventer\u00e0 il nostro &#8220;quadrato della pace&#8221; in giardino. Gli alunni si sono impegnati ad occuparsi dell&#8217;albero cos\u00ec come si impegneranno ogni giorno a realizzare la Pace nel mondo partendo da piccoli gesti concreti di pace nella loro quotidianit\u00e0.<\/p>\n\n\n\n<figure class=\"wp-block-embed is-type-video is-provider-youtube wp-block-embed-youtube wp-embed-aspect-16-9 wp-has-aspect-ratio\"><div class=\"wp-block-embed__wrapper\">\n<iframe loading=\"lazy\" title=\"Giornata della pace 2022\" width=\"960\" height=\"540\" src=\"https:\/\/www.youtube.com\/embed\/YjOYh4EbeaE?feature=oembed\" frameborder=\"0\" allow=\"accelerometer; autoplay; clipboard-write; encrypted-media; gyroscope; picture-in-picture\" allowfullscreen><\/iframe>\n<\/div><\/figure>\n\n\n\n<figure class=\"wp-block-gallery has-nested-images columns-default is-cropped wp-block-gallery-1 is-layout-flex wp-block-gallery-is-layout-flex\">\n<figure class=\"wp-block-image\"><img decoding=\"async\" src=\"https:\/\/www.icgiovannipaoloii.edu.it\/blog\/wp-content\/uploads\/2022\/09\/pace-5-1024x736.jpeg\" alt=\"Questa immagine ha l'attributo alt vuoto; il nome del file \u00e8 pace-5-1024x736.jpeg\"\/><\/figure>\n\n\n\n<figure class=\"wp-block-image size-large\"><img loading=\"lazy\" decoding=\"async\" width=\"1024\" height=\"614\" data-id=\"1003\" src=\"https:\/\/www.icgiovannipaoloii.edu.it\/blog\/wp-content\/uploads\/2022\/09\/pace-1-1024x614.jpeg\" alt=\"lavori di pace\" class=\"wp-image-1003\" srcset=\"https:\/\/www.icgiovannipaoloii.edu.it\/blog\/wp-content\/uploads\/2022\/09\/pace-1-1024x614.jpeg 1024w, https:\/\/www.icgiovannipaoloii.edu.it\/blog\/wp-content\/uploads\/2022\/09\/pace-1-300x180.jpeg 300w, https:\/\/www.icgiovannipaoloii.edu.it\/blog\/wp-content\/uploads\/2022\/09\/pace-1-768x460.jpeg 768w, https:\/\/www.icgiovannipaoloii.edu.it\/blog\/wp-content\/uploads\/2022\/09\/pace-1-1140x684.jpeg 1140w, https:\/\/www.icgiovannipaoloii.edu.it\/blog\/wp-content\/uploads\/2022\/09\/pace-1.jpeg 1516w\" sizes=\"auto, (max-width: 1024px) 100vw, 1024px\" \/><\/figure>\n\n\n\n<figure class=\"wp-block-image size-large\"><img loading=\"lazy\" decoding=\"async\" width=\"947\" height=\"1024\" data-id=\"1007\" src=\"https:\/\/www.icgiovannipaoloii.edu.it\/blog\/wp-content\/uploads\/2022\/09\/pace-2-947x1024.jpeg\" alt=\"lavori di pace\" class=\"wp-image-1007\" srcset=\"https:\/\/www.icgiovannipaoloii.edu.it\/blog\/wp-content\/uploads\/2022\/09\/pace-2-947x1024.jpeg 947w, https:\/\/www.icgiovannipaoloii.edu.it\/blog\/wp-content\/uploads\/2022\/09\/pace-2-278x300.jpeg 278w, https:\/\/www.icgiovannipaoloii.edu.it\/blog\/wp-content\/uploads\/2022\/09\/pace-2-768x830.jpeg 768w, https:\/\/www.icgiovannipaoloii.edu.it\/blog\/wp-content\/uploads\/2022\/09\/pace-2-1421x1536.jpeg 1421w, https:\/\/www.icgiovannipaoloii.edu.it\/blog\/wp-content\/uploads\/2022\/09\/pace-2-1140x1232.jpeg 1140w, https:\/\/www.icgiovannipaoloii.edu.it\/blog\/wp-content\/uploads\/2022\/09\/pace-2.jpeg 1480w\" sizes=\"auto, (max-width: 947px) 100vw, 947px\" \/><\/figure>\n\n\n\n<figure class=\"wp-block-image size-large\"><img loading=\"lazy\" decoding=\"async\" width=\"1024\" height=\"768\" data-id=\"1005\" src=\"https:\/\/www.icgiovannipaoloii.edu.it\/blog\/wp-content\/uploads\/2022\/09\/pace-3.jpeg\" alt=\"lavori di pace\" class=\"wp-image-1005\" srcset=\"https:\/\/www.icgiovannipaoloii.edu.it\/blog\/wp-content\/uploads\/2022\/09\/pace-3.jpeg 1024w, https:\/\/www.icgiovannipaoloii.edu.it\/blog\/wp-content\/uploads\/2022\/09\/pace-3-300x225.jpeg 300w, https:\/\/www.icgiovannipaoloii.edu.it\/blog\/wp-content\/uploads\/2022\/09\/pace-3-768x576.jpeg 768w\" sizes=\"auto, (max-width: 1024px) 100vw, 1024px\" \/><\/figure>\n\n\n\n<figure class=\"wp-block-image size-large\"><img loading=\"lazy\" decoding=\"async\" width=\"1024\" height=\"472\" data-id=\"1001\" src=\"https:\/\/www.icgiovannipaoloii.edu.it\/blog\/wp-content\/uploads\/2022\/09\/pace-4-1024x472.jpeg\" alt=\"lavori di pace\" class=\"wp-image-1001\" srcset=\"https:\/\/www.icgiovannipaoloii.edu.it\/blog\/wp-content\/uploads\/2022\/09\/pace-4-1024x472.jpeg 1024w, https:\/\/www.icgiovannipaoloii.edu.it\/blog\/wp-content\/uploads\/2022\/09\/pace-4-300x138.jpeg 300w, https:\/\/www.icgiovannipaoloii.edu.it\/blog\/wp-content\/uploads\/2022\/09\/pace-4-768x354.jpeg 768w, https:\/\/www.icgiovannipaoloii.edu.it\/blog\/wp-content\/uploads\/2022\/09\/pace-4-1536x708.jpeg 1536w, https:\/\/www.icgiovannipaoloii.edu.it\/blog\/wp-content\/uploads\/2022\/09\/pace-4-1140x525.jpeg 1140w, https:\/\/www.icgiovannipaoloii.edu.it\/blog\/wp-content\/uploads\/2022\/09\/pace-4.jpeg 1600w\" sizes=\"auto, (max-width: 1024px) 100vw, 1024px\" \/><\/figure>\n\n\n\n<figure class=\"wp-block-image size-large\"><img loading=\"lazy\" decoding=\"async\" width=\"1024\" height=\"736\" data-id=\"1004\" src=\"https:\/\/www.icgiovannipaoloii.edu.it\/blog\/wp-content\/uploads\/2022\/09\/pace-5-1024x736.jpeg\" alt=\"lavori di pace\" class=\"wp-image-1004\" srcset=\"https:\/\/www.icgiovannipaoloii.edu.it\/blog\/wp-content\/uploads\/2022\/09\/pace-5-1024x736.jpeg 1024w, https:\/\/www.icgiovannipaoloii.edu.it\/blog\/wp-content\/uploads\/2022\/09\/pace-5-300x216.jpeg 300w, https:\/\/www.icgiovannipaoloii.edu.it\/blog\/wp-content\/uploads\/2022\/09\/pace-5-768x552.jpeg 768w, https:\/\/www.icgiovannipaoloii.edu.it\/blog\/wp-content\/uploads\/2022\/09\/pace-5-1140x819.jpeg 1140w, https:\/\/www.icgiovannipaoloii.edu.it\/blog\/wp-content\/uploads\/2022\/09\/pace-5.jpeg 1283w\" sizes=\"auto, (max-width: 1024px) 100vw, 1024px\" \/><\/figure>\n\n\n\n<figure class=\"wp-block-image size-large\"><img loading=\"lazy\" decoding=\"async\" width=\"740\" height=\"1024\" data-id=\"1002\" src=\"https:\/\/www.icgiovannipaoloii.edu.it\/blog\/wp-content\/uploads\/2022\/09\/pace-6-740x1024.jpeg\" alt=\"lavori di pace\" class=\"wp-image-1002\" srcset=\"https:\/\/www.icgiovannipaoloii.edu.it\/blog\/wp-content\/uploads\/2022\/09\/pace-6-740x1024.jpeg 740w, https:\/\/www.icgiovannipaoloii.edu.it\/blog\/wp-content\/uploads\/2022\/09\/pace-6-217x300.jpeg 217w, https:\/\/www.icgiovannipaoloii.edu.it\/blog\/wp-content\/uploads\/2022\/09\/pace-6-768x1062.jpeg 768w, https:\/\/www.icgiovannipaoloii.edu.it\/blog\/wp-content\/uploads\/2022\/09\/pace-6-1111x1536.jpeg 1111w, https:\/\/www.icgiovannipaoloii.edu.it\/blog\/wp-content\/uploads\/2022\/09\/pace-6-1140x1576.jpeg 1140w, https:\/\/www.icgiovannipaoloii.edu.it\/blog\/wp-content\/uploads\/2022\/09\/pace-6.jpeg 1157w\" sizes=\"auto, (max-width: 740px) 100vw, 740px\" \/><\/figure>\n\n\n\n<figure class=\"wp-block-image size-large\"><img loading=\"lazy\" decoding=\"async\" width=\"697\" height=\"1024\" data-id=\"1006\" src=\"https:\/\/www.icgiovannipaoloii.edu.it\/blog\/wp-content\/uploads\/2022\/09\/pace-7-697x1024.jpeg\" alt=\"lavori di pace\" class=\"wp-image-1006\" srcset=\"https:\/\/www.icgiovannipaoloii.edu.it\/blog\/wp-content\/uploads\/2022\/09\/pace-7-697x1024.jpeg 697w, https:\/\/www.icgiovannipaoloii.edu.it\/blog\/wp-content\/uploads\/2022\/09\/pace-7-204x300.jpeg 204w, https:\/\/www.icgiovannipaoloii.edu.it\/blog\/wp-content\/uploads\/2022\/09\/pace-7-768x1128.jpeg 768w, https:\/\/www.icgiovannipaoloii.edu.it\/blog\/wp-content\/uploads\/2022\/09\/pace-7.jpeg 901w\" sizes=\"auto, (max-width: 697px) 100vw, 697px\" \/><\/figure>\n\n\n\n<figure class=\"wp-block-image size-large\"><img loading=\"lazy\" decoding=\"async\" width=\"779\" height=\"539\" data-id=\"1008\" src=\"https:\/\/www.icgiovannipaoloii.edu.it\/blog\/wp-content\/uploads\/2022\/09\/pace-8.jpeg\" alt=\"lavori di pace\" class=\"wp-image-1008\" srcset=\"https:\/\/www.icgiovannipaoloii.edu.it\/blog\/wp-content\/uploads\/2022\/09\/pace-8.jpeg 779w, https:\/\/www.icgiovannipaoloii.edu.it\/blog\/wp-content\/uploads\/2022\/09\/pace-8-300x208.jpeg 300w, https:\/\/www.icgiovannipaoloii.edu.it\/blog\/wp-content\/uploads\/2022\/09\/pace-8-768x531.jpeg 768w\" sizes=\"auto, (max-width: 779px) 100vw, 779px\" \/><\/figure>\n<\/figure>\n","protected":false},"excerpt":{"rendered":"<p>Il 21 Settembre \u00e8 stata la giornata della pace e in un periodo come quello che stiamo vivendo \u00e8 stato naturale oltre che doveroso, dare uno spazio ancor pi\u00f9 speciale a questo evento. In particolare gli alunni delle classi quinte della Scuola Primaria si sono impegnati nella riflessione preparando un&#8217;attivit\u00e0 da condividere insieme. Hanno dato ampio spazio alla fantasia scegliendo ognuna un&#8217;espressione diversa della propria riflessione: chi ha realizzato cartelloni, chi poesie, chi si \u00e8 espresso col canto e chi, col cuore in mano, ha condiviso davanti a tutti il proprio pensiero di pace. Il momento di condivisione in giardino \u00e8 stato veramente bello e toccante ed \u00e8 culminato con la piantumazione di un piccolo albero di ulivo in quello che diventer\u00e0 il nostro &#8220;quadrato della pace&#8221; in giardino. Gli alunni si sono impegnati ad occuparsi dell&#8217;albero cos\u00ec come si impegneranno ogni giorno a realizzare la Pace nel mondo partendo da piccoli gesti concreti di pace nella loro quotidianit\u00e0.<\/p>\n","protected":false},"author":1,"featured_media":1008,"comment_status":"closed","ping_status":"open","sticky":false,"template":"","format":"standard","meta":{"footnotes":""},"categories":[2],"tags":[93,37],"class_list":["post-1000","post","type-post","status-publish","format-standard","has-post-thumbnail","hentry","category-primaria","tag-classi-quinte","tag-pace"],"views":1921,"_links":{"self":[{"href":"https:\/\/www.icgiovannipaoloii.edu.it\/blog\/wp-json\/wp\/v2\/posts\/1000","targetHints":{"allow":["GET"]}}],"collection":[{"href":"https:\/\/www.icgiovannipaoloii.edu.it\/blog\/wp-json\/wp\/v2\/posts"}],"about":[{"href":"https:\/\/www.icgiovannipaoloii.edu.it\/blog\/wp-json\/wp\/v2\/types\/post"}],"author":[{"embeddable":true,"href":"https:\/\/www.icgiovannipaoloii.edu.it\/blog\/wp-json\/wp\/v2\/users\/1"}],"replies":[{"embeddable":true,"href":"https:\/\/www.icgiovannipaoloii.edu.it\/blog\/wp-json\/wp\/v2\/comments?post=1000"}],"version-history":[{"count":1,"href":"https:\/\/www.icgiovannipaoloii.edu.it\/blog\/wp-json\/wp\/v2\/posts\/1000\/revisions"}],"predecessor-version":[{"id":1009,"href":"https:\/\/www.icgiovannipaoloii.edu.it\/blog\/wp-json\/wp\/v2\/posts\/1000\/revisions\/1009"}],"wp:featuredmedia":[{"embeddable":true,"href":"https:\/\/www.icgiovannipaoloii.edu.it\/blog\/wp-json\/wp\/v2\/media\/1008"}],"wp:attachment":[{"href":"https:\/\/www.icgiovannipaoloii.edu.it\/blog\/wp-json\/wp\/v2\/media?parent=1000"}],"wp:term":[{"taxonomy":"category","embeddable":true,"href":"https:\/\/www.icgiovannipaoloii.edu.it\/blog\/wp-json\/wp\/v2\/categories?post=1000"},{"taxonomy":"post_tag","embeddable":true,"href":"https:\/\/www.icgiovannipaoloii.edu.it\/blog\/wp-json\/wp\/v2\/tags?post=1000"}],"curies":[{"name":"wp","href":"https:\/\/api.w.org\/{rel}","templated":true}]}}