{"id":1028,"date":"2022-12-01T22:52:03","date_gmt":"2022-12-01T22:52:03","guid":{"rendered":"https:\/\/www.icgiovannipaoloii.edu.it\/blog\/?p=1028"},"modified":"2022-12-01T22:52:03","modified_gmt":"2022-12-01T22:52:03","slug":"un-calendario-dellavvento-speciale","status":"publish","type":"post","link":"https:\/\/www.icgiovannipaoloii.edu.it\/blog\/primaria\/un-calendario-dellavvento-speciale\/","title":{"rendered":"Un calendario dell&#8217;avvento speciale!"},"content":{"rendered":"\n<p class=\"wp-block-paragraph\">Nell&#8217;ambito del progetto continuit\u00e0&#8230;gli alunni delle classi seconde,terze e quinta D della scuola primaria,hanno realizzato dei bellissimi calendari dell&#8217;avvento che sono stati regalati a tutte le sezioni della scuola dell&#8217;infanzia del nostro Istituto Comprensivo. Sono dei calendari speciali perch\u00e9 in ogni bustina ci sono dei pensieri scritti personalmente dagli alunni &#8230; dedicati ai piccoli alunni che ogni giorno ne leggeranno uno.<br>Vogliamo trasmettere il messaggio che la condivisione \u00e8 un&#8217;abilit\u00e0 sociale molto importante per riuscire a costruire delle relazioni sane e forti e per contribuire al benessere e alla felicit\u00e0 di\u00a0tutti.  Condividere\u00a0ci rende pi\u00f9 grandi di quello che siamo,pi\u00f9 diamo agli altri&#8230;pi\u00f9 vita siamo in grado di ricevere.<\/p>\n\n\n\n<figure class=\"wp-block-embed is-type-video is-provider-youtube wp-block-embed-youtube wp-embed-aspect-4-3 wp-has-aspect-ratio\"><div class=\"wp-block-embed__wrapper\">\n<iframe loading=\"lazy\" title=\"Un calendario dell&#039;avvento speciale\" width=\"960\" height=\"720\" src=\"https:\/\/www.youtube.com\/embed\/I0MIm8iNahI?feature=oembed\" frameborder=\"0\" allow=\"accelerometer; autoplay; clipboard-write; encrypted-media; gyroscope; picture-in-picture\" allowfullscreen><\/iframe>\n<\/div><\/figure>\n","protected":false},"excerpt":{"rendered":"<p>Nell&#8217;ambito del progetto continuit\u00e0&#8230;gli alunni delle classi seconde,terze e quinta D della scuola primaria,hanno realizzato dei bellissimi calendari dell&#8217;avvento che sono stati regalati a tutte le sezioni della scuola dell&#8217;infanzia del nostro Istituto Comprensivo. Sono dei calendari speciali perch\u00e9 in ogni bustina ci sono dei pensieri scritti personalmente dagli alunni &#8230; dedicati ai piccoli alunni che ogni giorno ne leggeranno uno.Vogliamo trasmettere il messaggio che la condivisione \u00e8 un&#8217;abilit\u00e0 sociale molto importante per riuscire a costruire delle relazioni sane e forti e per contribuire al benessere e alla felicit\u00e0 di\u00a0tutti. Condividere\u00a0ci rende pi\u00f9 grandi di quello che siamo,pi\u00f9 diamo agli altri&#8230;pi\u00f9 vita siamo in grado di ricevere.<\/p>\n","protected":false},"author":1,"featured_media":1029,"comment_status":"closed","ping_status":"open","sticky":false,"template":"","format":"standard","meta":{"footnotes":""},"categories":[17,3,2],"tags":[102,103],"class_list":["post-1028","post","type-post","status-publish","format-standard","has-post-thumbnail","hentry","category-continuita","category-infanzia","category-primaria","tag-calendario-dellavvento","tag-continuita-infanzia-primaria"],"views":1456,"_links":{"self":[{"href":"https:\/\/www.icgiovannipaoloii.edu.it\/blog\/wp-json\/wp\/v2\/posts\/1028","targetHints":{"allow":["GET"]}}],"collection":[{"href":"https:\/\/www.icgiovannipaoloii.edu.it\/blog\/wp-json\/wp\/v2\/posts"}],"about":[{"href":"https:\/\/www.icgiovannipaoloii.edu.it\/blog\/wp-json\/wp\/v2\/types\/post"}],"author":[{"embeddable":true,"href":"https:\/\/www.icgiovannipaoloii.edu.it\/blog\/wp-json\/wp\/v2\/users\/1"}],"replies":[{"embeddable":true,"href":"https:\/\/www.icgiovannipaoloii.edu.it\/blog\/wp-json\/wp\/v2\/comments?post=1028"}],"version-history":[{"count":1,"href":"https:\/\/www.icgiovannipaoloii.edu.it\/blog\/wp-json\/wp\/v2\/posts\/1028\/revisions"}],"predecessor-version":[{"id":1030,"href":"https:\/\/www.icgiovannipaoloii.edu.it\/blog\/wp-json\/wp\/v2\/posts\/1028\/revisions\/1030"}],"wp:featuredmedia":[{"embeddable":true,"href":"https:\/\/www.icgiovannipaoloii.edu.it\/blog\/wp-json\/wp\/v2\/media\/1029"}],"wp:attachment":[{"href":"https:\/\/www.icgiovannipaoloii.edu.it\/blog\/wp-json\/wp\/v2\/media?parent=1028"}],"wp:term":[{"taxonomy":"category","embeddable":true,"href":"https:\/\/www.icgiovannipaoloii.edu.it\/blog\/wp-json\/wp\/v2\/categories?post=1028"},{"taxonomy":"post_tag","embeddable":true,"href":"https:\/\/www.icgiovannipaoloii.edu.it\/blog\/wp-json\/wp\/v2\/tags?post=1028"}],"curies":[{"name":"wp","href":"https:\/\/api.w.org\/{rel}","templated":true}]}}