{"id":1178,"date":"2023-05-28T21:59:21","date_gmt":"2023-05-28T21:59:21","guid":{"rendered":"https:\/\/www.icgiovannipaoloii.edu.it\/blog\/?p=1178"},"modified":"2023-07-25T22:05:23","modified_gmt":"2023-07-25T22:05:23","slug":"stefano-gaj-tache-lamico-dei-bambini","status":"publish","type":"post","link":"https:\/\/www.icgiovannipaoloii.edu.it\/blog\/primaria\/stefano-gaj-tache-lamico-dei-bambini\/","title":{"rendered":"Stefano Gaj Tach\u00e8 &#8211; l&#8217;amico dei bambini"},"content":{"rendered":"\n<p class=\"wp-block-paragraph\">Per la partecipazione al Progetto &#8220;Stefano Gaj Tach\u00e8 &#8211; l&#8217;amico dei bambini&#8221;, dopo esserci confrontati tra docenti, siamo partiti dal ricordare il fatto storico, terribile, di un piccolo bambino ucciso dal terrorismo per motivi di odio religioso.<\/p>\n\n\n\n<p class=\"wp-block-paragraph\">Abbiamo poi ascoltato parte del discorso iniziale di&nbsp; insediamento del Presidente della Repubblica Mattarella, il primo a ricordare il piccolo Stefano in Parlamento.<\/p>\n\n\n\n<p class=\"wp-block-paragraph\">Successivamente abbiamo letto e commentato in classe parti del libro, pubblicato recentemente, &#8220;Il silenzio che urla&#8221;, scritto dal fratello di Stefano, Gadiel Gaj Tach\u00e8. <\/p>\n\n\n\n<p class=\"wp-block-paragraph\">Abbiamo poi, attraverso un&#8217;attivit\u00e0 di brainstorming, riflettuto sui valori dell&#8217;amicizia, del dialogo, della pace e del rispetto di ogni diversit\u00e0. Infine, realizzando i disegni, abbiamo concretizzato i nostri pensieri.<\/p>\n\n\n\n<figure class=\"wp-block-image size-large\"><img loading=\"lazy\" decoding=\"async\" width=\"720\" height=\"1024\" src=\"https:\/\/www.icgiovannipaoloii.edu.it\/blog\/wp-content\/uploads\/2023\/05\/5B-720x1024.jpeg\" alt=\"disegno bambini\" class=\"wp-image-1179\" srcset=\"https:\/\/www.icgiovannipaoloii.edu.it\/blog\/wp-content\/uploads\/2023\/05\/5B-720x1024.jpeg 720w, https:\/\/www.icgiovannipaoloii.edu.it\/blog\/wp-content\/uploads\/2023\/05\/5B-211x300.jpeg 211w, https:\/\/www.icgiovannipaoloii.edu.it\/blog\/wp-content\/uploads\/2023\/05\/5B-768x1092.jpeg 768w, https:\/\/www.icgiovannipaoloii.edu.it\/blog\/wp-content\/uploads\/2023\/05\/5B-1080x1536.jpeg 1080w, https:\/\/www.icgiovannipaoloii.edu.it\/blog\/wp-content\/uploads\/2023\/05\/5B.jpeg 1125w\" sizes=\"auto, (max-width: 720px) 100vw, 720px\" \/><\/figure>\n\n\n\n<figure class=\"wp-block-image size-large\"><img loading=\"lazy\" decoding=\"async\" width=\"1024\" height=\"718\" src=\"https:\/\/www.icgiovannipaoloii.edu.it\/blog\/wp-content\/uploads\/2023\/05\/5C-I.C.-GIOVANNI-PAOLO-II-Progetto-Gaj-Tache-1024x718.jpg\" alt=\"disegno mani con fiori\" class=\"wp-image-1180\" srcset=\"https:\/\/www.icgiovannipaoloii.edu.it\/blog\/wp-content\/uploads\/2023\/05\/5C-I.C.-GIOVANNI-PAOLO-II-Progetto-Gaj-Tache-1024x718.jpg 1024w, https:\/\/www.icgiovannipaoloii.edu.it\/blog\/wp-content\/uploads\/2023\/05\/5C-I.C.-GIOVANNI-PAOLO-II-Progetto-Gaj-Tache-300x210.jpg 300w, https:\/\/www.icgiovannipaoloii.edu.it\/blog\/wp-content\/uploads\/2023\/05\/5C-I.C.-GIOVANNI-PAOLO-II-Progetto-Gaj-Tache-768x538.jpg 768w, https:\/\/www.icgiovannipaoloii.edu.it\/blog\/wp-content\/uploads\/2023\/05\/5C-I.C.-GIOVANNI-PAOLO-II-Progetto-Gaj-Tache-1536x1077.jpg 1536w, https:\/\/www.icgiovannipaoloii.edu.it\/blog\/wp-content\/uploads\/2023\/05\/5C-I.C.-GIOVANNI-PAOLO-II-Progetto-Gaj-Tache-2048x1435.jpg 2048w, https:\/\/www.icgiovannipaoloii.edu.it\/blog\/wp-content\/uploads\/2023\/05\/5C-I.C.-GIOVANNI-PAOLO-II-Progetto-Gaj-Tache-1140x799.jpg 1140w\" sizes=\"auto, (max-width: 1024px) 100vw, 1024px\" \/><\/figure>\n\n\n\n<figure class=\"wp-block-image size-large\"><img loading=\"lazy\" decoding=\"async\" width=\"762\" height=\"1024\" src=\"https:\/\/www.icgiovannipaoloii.edu.it\/blog\/wp-content\/uploads\/2023\/05\/5D-762x1024.jpg\" alt=\"cartellone attivit\u00e0\" class=\"wp-image-1181\" srcset=\"https:\/\/www.icgiovannipaoloii.edu.it\/blog\/wp-content\/uploads\/2023\/05\/5D-762x1024.jpg 762w, https:\/\/www.icgiovannipaoloii.edu.it\/blog\/wp-content\/uploads\/2023\/05\/5D-223x300.jpg 223w, https:\/\/www.icgiovannipaoloii.edu.it\/blog\/wp-content\/uploads\/2023\/05\/5D-768x1032.jpg 768w, https:\/\/www.icgiovannipaoloii.edu.it\/blog\/wp-content\/uploads\/2023\/05\/5D-1143x1536.jpg 1143w, https:\/\/www.icgiovannipaoloii.edu.it\/blog\/wp-content\/uploads\/2023\/05\/5D-1524x2048.jpg 1524w, https:\/\/www.icgiovannipaoloii.edu.it\/blog\/wp-content\/uploads\/2023\/05\/5D-1140x1531.jpg 1140w, https:\/\/www.icgiovannipaoloii.edu.it\/blog\/wp-content\/uploads\/2023\/05\/5D.jpg 1788w\" sizes=\"auto, (max-width: 762px) 100vw, 762px\" \/><\/figure>\n\n\n\n<figure class=\"wp-block-image size-large\"><img loading=\"lazy\" decoding=\"async\" width=\"1024\" height=\"768\" src=\"https:\/\/www.icgiovannipaoloii.edu.it\/blog\/wp-content\/uploads\/2023\/05\/WhatsApp-Image-2023-05-17-at-09.26.09-1024x768.jpeg\" alt=\"Attestati partecipazione\" class=\"wp-image-1182\" srcset=\"https:\/\/www.icgiovannipaoloii.edu.it\/blog\/wp-content\/uploads\/2023\/05\/WhatsApp-Image-2023-05-17-at-09.26.09-1024x768.jpeg 1024w, https:\/\/www.icgiovannipaoloii.edu.it\/blog\/wp-content\/uploads\/2023\/05\/WhatsApp-Image-2023-05-17-at-09.26.09-300x225.jpeg 300w, https:\/\/www.icgiovannipaoloii.edu.it\/blog\/wp-content\/uploads\/2023\/05\/WhatsApp-Image-2023-05-17-at-09.26.09-768x576.jpeg 768w, https:\/\/www.icgiovannipaoloii.edu.it\/blog\/wp-content\/uploads\/2023\/05\/WhatsApp-Image-2023-05-17-at-09.26.09-1536x1152.jpeg 1536w, https:\/\/www.icgiovannipaoloii.edu.it\/blog\/wp-content\/uploads\/2023\/05\/WhatsApp-Image-2023-05-17-at-09.26.09-1140x855.jpeg 1140w, https:\/\/www.icgiovannipaoloii.edu.it\/blog\/wp-content\/uploads\/2023\/05\/WhatsApp-Image-2023-05-17-at-09.26.09.jpeg 1600w\" sizes=\"auto, (max-width: 1024px) 100vw, 1024px\" \/><\/figure>\n","protected":false},"excerpt":{"rendered":"<p>Per la partecipazione al Progetto &#8220;Stefano Gaj Tach\u00e8 &#8211; l&#8217;amico dei bambini&#8221;, dopo esserci confrontati tra docenti, siamo partiti dal ricordare il fatto storico, terribile, di un piccolo bambino ucciso dal terrorismo per motivi di odio religioso. Abbiamo poi ascoltato parte del discorso iniziale di&nbsp; insediamento del Presidente della Repubblica Mattarella, il primo a ricordare il piccolo Stefano in Parlamento. Successivamente abbiamo letto e commentato in classe parti del libro, pubblicato recentemente, &#8220;Il silenzio che urla&#8221;, scritto dal fratello di Stefano, Gadiel Gaj Tach\u00e8. Abbiamo poi, attraverso un&#8217;attivit\u00e0 di brainstorming, riflettuto sui valori dell&#8217;amicizia, del dialogo, della pace e del rispetto di ogni diversit\u00e0. Infine, realizzando i disegni, abbiamo concretizzato i nostri pensieri.<\/p>\n","protected":false},"author":1,"featured_media":1180,"comment_status":"closed","ping_status":"open","sticky":false,"template":"","format":"standard","meta":{"footnotes":""},"categories":[2],"tags":[30,126],"class_list":["post-1178","post","type-post","status-publish","format-standard","has-post-thumbnail","hentry","category-primaria","tag-educazione-civica","tag-stefano-gaj-tache"],"views":641,"_links":{"self":[{"href":"https:\/\/www.icgiovannipaoloii.edu.it\/blog\/wp-json\/wp\/v2\/posts\/1178","targetHints":{"allow":["GET"]}}],"collection":[{"href":"https:\/\/www.icgiovannipaoloii.edu.it\/blog\/wp-json\/wp\/v2\/posts"}],"about":[{"href":"https:\/\/www.icgiovannipaoloii.edu.it\/blog\/wp-json\/wp\/v2\/types\/post"}],"author":[{"embeddable":true,"href":"https:\/\/www.icgiovannipaoloii.edu.it\/blog\/wp-json\/wp\/v2\/users\/1"}],"replies":[{"embeddable":true,"href":"https:\/\/www.icgiovannipaoloii.edu.it\/blog\/wp-json\/wp\/v2\/comments?post=1178"}],"version-history":[{"count":3,"href":"https:\/\/www.icgiovannipaoloii.edu.it\/blog\/wp-json\/wp\/v2\/posts\/1178\/revisions"}],"predecessor-version":[{"id":1294,"href":"https:\/\/www.icgiovannipaoloii.edu.it\/blog\/wp-json\/wp\/v2\/posts\/1178\/revisions\/1294"}],"wp:featuredmedia":[{"embeddable":true,"href":"https:\/\/www.icgiovannipaoloii.edu.it\/blog\/wp-json\/wp\/v2\/media\/1180"}],"wp:attachment":[{"href":"https:\/\/www.icgiovannipaoloii.edu.it\/blog\/wp-json\/wp\/v2\/media?parent=1178"}],"wp:term":[{"taxonomy":"category","embeddable":true,"href":"https:\/\/www.icgiovannipaoloii.edu.it\/blog\/wp-json\/wp\/v2\/categories?post=1178"},{"taxonomy":"post_tag","embeddable":true,"href":"https:\/\/www.icgiovannipaoloii.edu.it\/blog\/wp-json\/wp\/v2\/tags?post=1178"}],"curies":[{"name":"wp","href":"https:\/\/api.w.org\/{rel}","templated":true}]}}