{"id":1193,"date":"2023-06-18T21:27:52","date_gmt":"2023-06-18T21:27:52","guid":{"rendered":"https:\/\/www.icgiovannipaoloii.edu.it\/blog\/?p=1193"},"modified":"2024-06-02T22:27:32","modified_gmt":"2024-06-02T22:27:32","slug":"i-nostri-piccoli-giornalisti","status":"publish","type":"post","link":"https:\/\/www.icgiovannipaoloii.edu.it\/blog\/primaria\/i-nostri-piccoli-giornalisti\/","title":{"rendered":"I nostri piccoli giornalisti"},"content":{"rendered":"\n<p class=\"wp-block-paragraph\">Gli alunni della 5 B hanno lavorato in classe sull&#8217;analisi dei giornali. Dopo aver letto alcuni articoli da diverse testate giornalistiche, divisi in piccoli gruppi hanno sintetizzato i testi e scritto i nostri commenti. <\/p>\n\n\n\n<p class=\"wp-block-paragraph\">I temi trattati sono stati diversi: l&#8217;alluvione in Emilia-Romagna, la crisi climatica, il bullismo, le baby gang, i 75 anni della Costituzione, i rischi legati all&#8217;uso eccessivo dei social nei ragazzi.<\/p>\n\n\n\n<p class=\"wp-block-paragraph\">Di seguito i lavori prodotti e qualche immagine della nostra redazione all&#8217;opera.<\/p>\n\n\n\n<figure class=\"wp-block-image size-full\"><img loading=\"lazy\" decoding=\"async\" width=\"800\" height=\"369\" src=\"https:\/\/www.icgiovannipaoloii.edu.it\/blog\/wp-content\/uploads\/2023\/06\/piccoli-giornalisti-1.jpg\" alt=\"\" class=\"wp-image-1194\" srcset=\"https:\/\/www.icgiovannipaoloii.edu.it\/blog\/wp-content\/uploads\/2023\/06\/piccoli-giornalisti-1.jpg 800w, https:\/\/www.icgiovannipaoloii.edu.it\/blog\/wp-content\/uploads\/2023\/06\/piccoli-giornalisti-1-300x138.jpg 300w, https:\/\/www.icgiovannipaoloii.edu.it\/blog\/wp-content\/uploads\/2023\/06\/piccoli-giornalisti-1-768x354.jpg 768w\" sizes=\"auto, (max-width: 800px) 100vw, 800px\" \/><\/figure>\n\n\n\n<figure class=\"wp-block-image size-full\"><img loading=\"lazy\" decoding=\"async\" width=\"800\" height=\"369\" src=\"https:\/\/www.icgiovannipaoloii.edu.it\/blog\/wp-content\/uploads\/2023\/06\/piccoli-giornalisti-15.jpg\" alt=\"\" class=\"wp-image-1208\" srcset=\"https:\/\/www.icgiovannipaoloii.edu.it\/blog\/wp-content\/uploads\/2023\/06\/piccoli-giornalisti-15.jpg 800w, https:\/\/www.icgiovannipaoloii.edu.it\/blog\/wp-content\/uploads\/2023\/06\/piccoli-giornalisti-15-300x138.jpg 300w, https:\/\/www.icgiovannipaoloii.edu.it\/blog\/wp-content\/uploads\/2023\/06\/piccoli-giornalisti-15-768x354.jpg 768w\" sizes=\"auto, (max-width: 800px) 100vw, 800px\" \/><\/figure>\n\n\n\n<h2 class=\"wp-block-heading\"><strong>Baby gang al centro commerciale &#8211; Analisi di una pagina di giornale<\/strong><\/h2>\n\n\n\n<p class=\"wp-block-paragraph\">gruppo: Claudia &#8211; Andrea &#8211; Maddalena<\/p>\n\n\n\n<p class=\"wp-block-paragraph\"><strong>Nome del giornale<\/strong><strong>: <\/strong>Il Tempo<strong>\u2192<\/strong><strong>testata<\/strong><\/p>\n\n\n\n<p class=\"wp-block-paragraph\"><strong>Data di pubblicazione<\/strong><strong>:<\/strong>25 maggio 2023<\/p>\n\n\n\n<p class=\"wp-block-paragraph\"><strong>Occhiello<\/strong><strong>:<\/strong>Al ragazzo strappata la collanina d\u2019oro. Finisce l\u2019incubo al centro commerciale \u201cAura\u201d<\/p>\n\n\n\n<p class=\"wp-block-paragraph\"><strong>Titolo<\/strong><strong>: <\/strong>Ventenne rapinato. Presa la baby gang<\/p>\n\n\n\n<p class=\"wp-block-paragraph\"><strong>Sommario<\/strong><strong>: <\/strong>Arrestati due minorenni e tre maggiorenni caccia ai complici<\/p>\n\n\n\n<p class=\"wp-block-paragraph\"><strong>&nbsp;Genere: <\/strong>Cronaca nera<\/p>\n\n\n\n<p class=\"wp-block-paragraph\"><strong>Autore dell\u2019articolo: <\/strong>Pina Sereni<\/p>\n\n\n\n<p class=\"wp-block-paragraph\"><strong>Ci sono foto: <\/strong>S\u00ec, c&#8217;\u00e8 una foto<\/p>\n\n\n\n<p class=\"wp-block-paragraph\"><strong>Ci sono grafici:<\/strong> No, non ci sono<\/p>\n\n\n\n<ul class=\"wp-block-list\">\n<li>Una baby gang ha cercato di rubare soldi ad un ventenne.<\/li>\n\n\n\n<li>Nella banda sono stati arrestati due minorenni e tre maggiorenni, i minori sono stati portati nel&nbsp; centro di prima accoglienza di via Virginia Agnelli.<\/li>\n\n\n\n<li>Questa vicenda \u00e8 accaduta il 23 maggio 2023.<\/li>\n\n\n\n<li>La gang fuori dal centro commerciale \u201cAura\u201d (in via Aurelia), ha aggredito un ventenne.<\/li>\n\n\n\n<li>I delinquenti hanno aggredito il ragazzo perch\u00e9 gli hanno visto un girocollo d\u2019oro.<\/li>\n\n\n\n<li>Gli agenti erano gi\u00e0 sulle tracce degli aggressori grazie alle immagini di videosorveglianza della zona; il padre \u00e8 andato in carcere, il sedicenne denunciato dalla Procura dei minori.<\/li>\n<\/ul>\n\n\n\n<p class=\"wp-block-paragraph\"><strong>Commento<\/strong><\/p>\n\n\n\n<p class=\"wp-block-paragraph\">Da questo articolo si vede quanto i genitori controllino i loro figli e come li educano, ora siamo nel 2023 e il mondo dovrebbe migliorare. Il ragazzo ora \u00e8 sotto shock e gli hanno fatto un\u2019 intervista.<\/p>\n\n\n\n<figure class=\"wp-block-image size-full\"><img loading=\"lazy\" decoding=\"async\" width=\"800\" height=\"369\" src=\"https:\/\/www.icgiovannipaoloii.edu.it\/blog\/wp-content\/uploads\/2023\/06\/piccoli-giornalisti-2.jpg\" alt=\"\" class=\"wp-image-1195\" srcset=\"https:\/\/www.icgiovannipaoloii.edu.it\/blog\/wp-content\/uploads\/2023\/06\/piccoli-giornalisti-2.jpg 800w, https:\/\/www.icgiovannipaoloii.edu.it\/blog\/wp-content\/uploads\/2023\/06\/piccoli-giornalisti-2-300x138.jpg 300w, https:\/\/www.icgiovannipaoloii.edu.it\/blog\/wp-content\/uploads\/2023\/06\/piccoli-giornalisti-2-768x354.jpg 768w\" sizes=\"auto, (max-width: 800px) 100vw, 800px\" \/><\/figure>\n\n\n\n<figure class=\"wp-block-image size-full\"><img loading=\"lazy\" decoding=\"async\" width=\"800\" height=\"369\" src=\"https:\/\/www.icgiovannipaoloii.edu.it\/blog\/wp-content\/uploads\/2023\/06\/piccoli-giornalisti-14.jpg\" alt=\"\" class=\"wp-image-1207\" srcset=\"https:\/\/www.icgiovannipaoloii.edu.it\/blog\/wp-content\/uploads\/2023\/06\/piccoli-giornalisti-14.jpg 800w, https:\/\/www.icgiovannipaoloii.edu.it\/blog\/wp-content\/uploads\/2023\/06\/piccoli-giornalisti-14-300x138.jpg 300w, https:\/\/www.icgiovannipaoloii.edu.it\/blog\/wp-content\/uploads\/2023\/06\/piccoli-giornalisti-14-768x354.jpg 768w\" sizes=\"auto, (max-width: 800px) 100vw, 800px\" \/><\/figure>\n\n\n\n<h2 class=\"wp-block-heading\"><strong>Le proteste dei ragazzi per il cambiamento climatico &#8211; Analisi di una pagina di giornale<\/strong><\/h2>\n\n\n\n<p class=\"wp-block-paragraph\">Gruppo: Emanuele,Chiara,Flavio<\/p>\n\n\n\n<p class=\"wp-block-paragraph\"><strong>Nome del giornale:<\/strong><strong> <\/strong>Corriere della sera \u2192 testata<\/p>\n\n\n\n<p class=\"wp-block-paragraph\"><strong>Data di pubblicazione:<\/strong> 25 maggio 2023<\/p>\n\n\n\n<p class=\"wp-block-paragraph\"><strong>Sezione del giornale: <\/strong>Primo piano con civetta in prima pagina<\/p>\n\n\n\n<p class=\"wp-block-paragraph\"><strong>Sommario:<\/strong> Sono criticati, ma portano un messaggio scientifico. Preferiamo che la verit\u00e0 non ci venga sbattuta in faccia<\/p>\n\n\n\n<p class=\"wp-block-paragraph\"><strong>Titolo:<\/strong> L&#8217;Italia ascolti le proteste dei suoi ragazzi<\/p>\n\n\n\n<p class=\"wp-block-paragraph\"><strong>Occhiello:<\/strong> La crisi climatica<\/p>\n\n\n\n<p class=\"wp-block-paragraph\"><strong>Genere:<\/strong> Cronaca bianca<\/p>\n\n\n\n<p class=\"wp-block-paragraph\"><strong>Autore dell\u2019articolo:<\/strong> Paolo Giordano<\/p>\n\n\n\n<ul class=\"wp-block-list\">\n<li>\u00e8 da tempo che gli scienziati ripetono\u201dGli eventi climatici sono sempre pi\u00f9 estremi, e ormai il tempo per agire \u00e8 poco\u201d; sono molti i giovani attivisti che combattono il clima.<\/li>\n<\/ul>\n\n\n\n<p class=\"wp-block-paragraph\">Questo rovinare e sporcare li allontana dal renderli simpatici, e, sembra unificare lo sdegno nei loro confronti, una riprovazione bipartisan, ogni tanto. Quando si parla di loro, lo si fa per ricondizionare gli sforzi (perch\u00e9 non spalare fango invece di versarlo addosso?).&nbsp;&nbsp;<\/p>\n\n\n\n<ul class=\"wp-block-list\">\n<li>I commenti sui social mostrano un astio che dovrebbe farci riflettere.<\/li>\n<\/ul>\n\n\n\n<p class=\"wp-block-paragraph\">I critici indulgenti, se la prendono con la forma: va bene, c\u2019\u00e8 la crisi climatica, ma non sono questi i modi!<\/p>\n\n\n\n<ul class=\"wp-block-list\">\n<li>C\u2019\u00e8 la protesta delle tende che ha ragioni diverse. La manifestazione era massiccia, carica di tensione e di violenza, non se ne vedono da parecchi anni. L\u2019uomo si \u00e8 dimenticato che a vent\u2019anni non si ha nessun potere: n\u00e9 decisionale, n\u00e9 mediatico, se non del proprio corpo.<\/li>\n\n\n\n<li>Esistono sia gli ecoterrorismi, sia gli ecofascismi. Per ora assistiamo per lo pi\u00f9 ad azioni dimostrative, non violente, ma di richieste di attenzione, che dovremmo ascoltare.<\/li>\n\n\n\n<li>Puo darsi che in quella voce che tanto ci infastidisce riconosciamo non solo la voce in questo momento vicina alla scienza, ma anche quella pi\u00f9 vicina a una protesta, sommessa e scomoda, che esiste nella nostra coscienza.<\/li>\n\n\n\n<li>A commento di una fotografia \u2192 <strong>Impegno<\/strong><strong>: <\/strong>alcuni giovani sono stati in cammino e al lavoro nei giorni scorsi per ripulire le strade di paesi e citt\u00e0 dell\u2019Emilia-Romagna inondate dall\u2019acqua e dal fango.<\/li>\n<\/ul>\n\n\n\n<p class=\"wp-block-paragraph\"><strong>Commento:<\/strong> Noi speriamo che le bande di attivisti protestino senza rovinare le opere d\u2019arte, ma parlando con la gente in modo calmo per far capire di usare meno plastica, e se si usa di non gettarla per terra ma nel secchio giusto della differenziata. Di usare meno l&#8217;auto e gli autobus, ma usare metro,bici,ecc\u2026cos\u00ec possiamo aiutare tutti anche se in piccolo.<\/p>\n\n\n\n<figure class=\"wp-block-image size-full\"><img loading=\"lazy\" decoding=\"async\" width=\"800\" height=\"369\" src=\"https:\/\/www.icgiovannipaoloii.edu.it\/blog\/wp-content\/uploads\/2023\/06\/piccoli-giornalisti-3.jpg\" alt=\"\" class=\"wp-image-1196\" srcset=\"https:\/\/www.icgiovannipaoloii.edu.it\/blog\/wp-content\/uploads\/2023\/06\/piccoli-giornalisti-3.jpg 800w, https:\/\/www.icgiovannipaoloii.edu.it\/blog\/wp-content\/uploads\/2023\/06\/piccoli-giornalisti-3-300x138.jpg 300w, https:\/\/www.icgiovannipaoloii.edu.it\/blog\/wp-content\/uploads\/2023\/06\/piccoli-giornalisti-3-768x354.jpg 768w\" sizes=\"auto, (max-width: 800px) 100vw, 800px\" \/><\/figure>\n\n\n\n<figure class=\"wp-block-image size-full\"><img loading=\"lazy\" decoding=\"async\" width=\"800\" height=\"369\" src=\"https:\/\/www.icgiovannipaoloii.edu.it\/blog\/wp-content\/uploads\/2023\/06\/piccoli-giornalisti-13.jpg\" alt=\"\" class=\"wp-image-1206\" srcset=\"https:\/\/www.icgiovannipaoloii.edu.it\/blog\/wp-content\/uploads\/2023\/06\/piccoli-giornalisti-13.jpg 800w, https:\/\/www.icgiovannipaoloii.edu.it\/blog\/wp-content\/uploads\/2023\/06\/piccoli-giornalisti-13-300x138.jpg 300w, https:\/\/www.icgiovannipaoloii.edu.it\/blog\/wp-content\/uploads\/2023\/06\/piccoli-giornalisti-13-768x354.jpg 768w\" sizes=\"auto, (max-width: 800px) 100vw, 800px\" \/><\/figure>\n\n\n\n<h2 class=\"wp-block-heading\"><strong>Il cyberbullismo tra ragazzi &#8211; Analisi di un articolo di giornale<\/strong><\/h2>\n\n\n\n<p class=\"wp-block-paragraph\">Gruppo: Giorgia, Kevin, Federico<\/p>\n\n\n\n<p class=\"wp-block-paragraph\"><strong>Nome del giornale<\/strong>:Il Messaggero\u2192<strong>testata<\/strong><\/p>\n\n\n\n<p class=\"wp-block-paragraph\"><strong>Data di pubblicazione:<\/strong> 25 maggio 2023<\/p>\n\n\n\n<p class=\"wp-block-paragraph\"><strong>Sezione del giornale<\/strong>: cronaca nera<\/p>\n\n\n\n<p class=\"wp-block-paragraph\"><strong>Occhiello<\/strong>: i bulli sono stati impegnati nell&#8217;assistenza a ragazzi disabili e nei corsi di italiano per alunni stranieri.<\/p>\n\n\n\n<p class=\"wp-block-paragraph\"><strong>Titolo<\/strong>:Chat dell\u2019odio,bulli sospesi \u2018\u2018pensavamo fosse un gioco\u2019\u2019.<\/p>\n\n\n\n<p class=\"wp-block-paragraph\"><strong>Sommario:<\/strong> Parla&nbsp; la preside della scuola dove una 13enne \u00e8 stata presa di mira dai compagni di classe.<\/p>\n\n\n\n<p class=\"wp-block-paragraph\">La procura indaga su sette ragazzi per istigazione e stalking.<\/p>\n\n\n\n<p class=\"wp-block-paragraph\"><strong>Autore dell\u2019articolo<\/strong>: Marco Cusumano<\/p>\n\n\n\n<ul class=\"wp-block-list\">\n<li>Dei ragazzi di 13 anni sono coinvolti in una brutta storia di bullismo nella scuola della provincia di Latina.<\/li>\n\n\n\n<li>La preside ha affrontato la vicenda convocando il consiglio di classe e avviando un percorso di dialogo con i ragazzi.<\/li>\n\n\n\n<li>Alcuni di loro, per esempio, hanno aiutato dei ragazzi stranieri in un progetto per l\u2019insegnamento della lingua italiana, attivit\u00e0 che ha cercato di recuperare i bulli e facendo capire la gravit\u00e0 dei loro errori.<\/li>\n\n\n\n<li>I ragazzi pensavano che mandare questi messaggi molto pesanti fosse un gioco.E invece hanno avuto conseguenze gravi sulla ragazzina finita nel mirino dei bulli e che si \u00e8 isolata sempre di pi\u00f9.<\/li>\n\n\n\n<li>La chat \u00e8 stata creata da un ragazzino di cui la vittima si era innamorata; la chat era diventata un luogo dove ricevere insulti per l\u2019aspetto fisico e per il portamento e solo qualcuno dei ragazzi coinvolti \u00e8 uscito dalla chat perch\u00e9 si \u00e8 accorto della gravit\u00e0 della cosa.<\/li>\n\n\n\n<li>Fino a quando la ragazzina ha trovato il coraggio di raccontare tutto alla mamma, la quale poi ha segnalato il caso alla scuola che ha denunciato tutto alla polizia.<\/li>\n<\/ul>\n\n\n\n<p class=\"wp-block-paragraph\">Si spera che questa cosa non accada mai pi\u00f9.<\/p>\n\n\n\n<figure class=\"wp-block-image size-full\"><img loading=\"lazy\" decoding=\"async\" width=\"800\" height=\"369\" src=\"https:\/\/www.icgiovannipaoloii.edu.it\/blog\/wp-content\/uploads\/2023\/06\/piccoli-giornalisti-4.jpg\" alt=\"\" class=\"wp-image-1197\" srcset=\"https:\/\/www.icgiovannipaoloii.edu.it\/blog\/wp-content\/uploads\/2023\/06\/piccoli-giornalisti-4.jpg 800w, https:\/\/www.icgiovannipaoloii.edu.it\/blog\/wp-content\/uploads\/2023\/06\/piccoli-giornalisti-4-300x138.jpg 300w, https:\/\/www.icgiovannipaoloii.edu.it\/blog\/wp-content\/uploads\/2023\/06\/piccoli-giornalisti-4-768x354.jpg 768w\" sizes=\"auto, (max-width: 800px) 100vw, 800px\" \/><\/figure>\n\n\n\n<figure class=\"wp-block-image size-full\"><img loading=\"lazy\" decoding=\"async\" width=\"800\" height=\"369\" src=\"https:\/\/www.icgiovannipaoloii.edu.it\/blog\/wp-content\/uploads\/2023\/06\/piccoli-giornalisti-12.jpg\" alt=\"\" class=\"wp-image-1205\" srcset=\"https:\/\/www.icgiovannipaoloii.edu.it\/blog\/wp-content\/uploads\/2023\/06\/piccoli-giornalisti-12.jpg 800w, https:\/\/www.icgiovannipaoloii.edu.it\/blog\/wp-content\/uploads\/2023\/06\/piccoli-giornalisti-12-300x138.jpg 300w, https:\/\/www.icgiovannipaoloii.edu.it\/blog\/wp-content\/uploads\/2023\/06\/piccoli-giornalisti-12-768x354.jpg 768w\" sizes=\"auto, (max-width: 800px) 100vw, 800px\" \/><\/figure>\n\n\n\n<h2 class=\"wp-block-heading\"><strong>La festa del 2 giugno, i 75 anni della Costituzione &#8211; Analisi di un articolo di giornale<\/strong><\/h2>\n\n\n\n<p class=\"wp-block-paragraph\">Gruppo: Nicol\u00f2, Agata, Luca, Wissal<\/p>\n\n\n\n<p class=\"wp-block-paragraph\"><strong>Nome del giornale: <\/strong>Il Messaggero (inserto interno)\u2192 testata<\/p>\n\n\n\n<p class=\"wp-block-paragraph\"><strong>Data di pubblicazione: <\/strong>25 maggio 2023<\/p>\n\n\n\n<p class=\"wp-block-paragraph\"><strong>Sezione del giornale: <\/strong>Cultura<\/p>\n\n\n\n<p class=\"wp-block-paragraph\"><strong>Occhiello: <\/strong>Verso il 2 giugno festeggiando i 75 anni della legge con una ragazza di ieri e una di oggi.<\/p>\n\n\n\n<p class=\"wp-block-paragraph\"><strong>Titolo:<\/strong> Paola Del Din, IO PATRIOTA NEI GIORNI DELLA COSTITUZIONE.<\/p>\n\n\n\n<p class=\"wp-block-paragraph\"><strong>Sommario:<\/strong> Compir\u00e0 100 anni il prossimo 23 agosto, ha fatto la guerra nella Brigata Osoppo e al primo voto delle donne non si emozion\u00f2. &lt;&lt; Votai monarchia, non&nbsp; vedevo persone affidabili poi ho apprezzato Einaudi e De Nicola. L\u2019 articolo che amo di pi\u00f9? Il 52, la difesa del Paese&gt;&gt;.<\/p>\n\n\n\n<p class=\"wp-block-paragraph\">L\u2019articolo appartiene al genere: <strong>Cronaca bianca<\/strong><\/p>\n\n\n\n<p class=\"wp-block-paragraph\"><strong>Autore dell\u2019articolo:<\/strong> La giornalista Camilla De Mori<\/p>\n\n\n\n<p class=\"wp-block-paragraph\"><strong>Ci sono immagini?:<\/strong> s\u00ec, ce ne sono quattro<\/p>\n\n\n\n<p class=\"wp-block-paragraph\"><strong>Ci sono grafici?: <\/strong>no<\/p>\n\n\n\n<p class=\"wp-block-paragraph\">E\u2019 risultato pi\u00f9 comprensibile capire il contenuto dal sommario rispetto al titolo.<\/p>\n\n\n\n<ul class=\"wp-block-list\">\n<li>Paola Del Din compir\u00e0 100 anni il 23 agosto.<\/li>\n<\/ul>\n\n\n\n<p class=\"wp-block-paragraph\">Qualche settimana fa nella sua Udine era in prima fila sul palco dell\u2019adunata nazionale degli alpini.<\/p>\n\n\n\n<p class=\"wp-block-paragraph\">Nome di battaglia \u201c Renata\u201d, medaglia d\u2019oro al valor militare, prima donna paracadutista militare italiana durante la Resistenza. Si definisce \u201cpatriota\u201d, non partigiana.<\/p>\n\n\n\n<ul class=\"wp-block-list\">\n<li>Il suo ricordo personale di quel 1948 \u00e8 che lavorava in un ufficio, insegnava in una scuola per mutilati e invalidi di guerra e faceva supplenza al liceo classico.<\/li>\n\n\n\n<li>Nel 1946, al primo voto delle donne, non si emozion\u00f2. Vot\u00f2 a Udine. Sul referendum furono raccontate storie di ogni genere, anche menzogne.<\/li>\n\n\n\n<li>Paola, di quel giorno, ha il ricordo di confusione generale e agitazione.<\/li>\n\n\n\n<li>Ormai c\u2019era poco che potesse turbarla perch\u00e9 nella sua vita aveva gi\u00e0 fatto tante cose inusuali.<\/li>\n\n\n\n<li>Paola vot\u00f2 monarchia perch\u00e9 non si fidava e non vedeva persone adatte, poi ha apprezzato Einaudi e De Nicola.<\/li>\n\n\n\n<li>Lei disse che i difetti di questa Italia sono il troppo lassismo, troppi pasticci anche nella Giustizia.<\/li>\n\n\n\n<li>Con la Costituzione e la Repubblica lei non ebbe la sensazione di rivoluzione perch\u00e9 la guerra era finita da troppo poco tempo per valutare correttamente.<\/li>\n\n\n\n<li>Nell\u2019Assemblea Costituente entrarono solo 21 donne ed oggi il premier \u00e8 una donna. Quindi i diritti delle donne sono aumentati; in passato due grandi premier sarebbero potuti essere Rita Levi Montalcini e Liliana Segre.<\/li>\n\n\n\n<li>Paola ha conosciuto dei costituenti come Edgardo Sogno, Mario Argenton e altri.<\/li>\n\n\n\n<li>Vuole trasmettere alle nuove generazioni forza d\u2019animo, coscienza del proprio dovere verso la Patria e la societ\u00e0. Lei dice anche che la Costituzione andrebbe spiegata meglio agli studenti.<\/li>\n\n\n\n<li>A Paola piace molto l\u2019articolo 52. La difesa della Patria \u00e8 sacro dovere del cittadino.<\/li>\n\n\n\n<li>Patria \u00e8 la nostra cultura, la nostra storia, la nostra gente, la nostra lingua e il nostro Tricolore, ossia tutto quello che ci permette di stare in mezzo agli altri Stati con orgoglio e dignit\u00e0.<\/li>\n<\/ul>\n\n\n\n<p class=\"wp-block-paragraph\">Lei si definisce \u201cPatriota\u201d perch\u00e9 ha partecipato alla Resistenza per tutti gli Italiani.<\/p>\n\n\n\n<p class=\"wp-block-paragraph\">La lotta doveva essere vinta per portare l&#8217;Italia alla libert\u00e0.<\/p>\n\n\n\n<p class=\"wp-block-paragraph\"><strong>LESSICO<\/strong> Lassismo: s.m. Atteggiamento di eccessiva tolleranza e indulgenza riguardo al rispetto o meno delle norme morali e di condotta.<\/p>\n\n\n\n<figure class=\"wp-block-image size-full\"><img loading=\"lazy\" decoding=\"async\" width=\"800\" height=\"369\" src=\"https:\/\/www.icgiovannipaoloii.edu.it\/blog\/wp-content\/uploads\/2023\/06\/piccoli-giornalisti-5.jpg\" alt=\"\" class=\"wp-image-1198\" srcset=\"https:\/\/www.icgiovannipaoloii.edu.it\/blog\/wp-content\/uploads\/2023\/06\/piccoli-giornalisti-5.jpg 800w, https:\/\/www.icgiovannipaoloii.edu.it\/blog\/wp-content\/uploads\/2023\/06\/piccoli-giornalisti-5-300x138.jpg 300w, https:\/\/www.icgiovannipaoloii.edu.it\/blog\/wp-content\/uploads\/2023\/06\/piccoli-giornalisti-5-768x354.jpg 768w\" sizes=\"auto, (max-width: 800px) 100vw, 800px\" \/><\/figure>\n\n\n\n<figure class=\"wp-block-image size-full\"><img loading=\"lazy\" decoding=\"async\" width=\"800\" height=\"369\" src=\"https:\/\/www.icgiovannipaoloii.edu.it\/blog\/wp-content\/uploads\/2023\/06\/piccoli-giornalisti-11.jpg\" alt=\"\" class=\"wp-image-1204\" srcset=\"https:\/\/www.icgiovannipaoloii.edu.it\/blog\/wp-content\/uploads\/2023\/06\/piccoli-giornalisti-11.jpg 800w, https:\/\/www.icgiovannipaoloii.edu.it\/blog\/wp-content\/uploads\/2023\/06\/piccoli-giornalisti-11-300x138.jpg 300w, https:\/\/www.icgiovannipaoloii.edu.it\/blog\/wp-content\/uploads\/2023\/06\/piccoli-giornalisti-11-768x354.jpg 768w\" sizes=\"auto, (max-width: 800px) 100vw, 800px\" \/><\/figure>\n\n\n\n<h2 class=\"wp-block-heading\"><strong>L&#8217;alluvione in Emilia-Romagna &#8211; Analisi di una pagina di giornale<\/strong><\/h2>\n\n\n\n<p class=\"wp-block-paragraph\">Gruppo: Giulia, Edoardo e Nicole<\/p>\n\n\n\n<p class=\"wp-block-paragraph\"><strong>Nome del giornale: <\/strong>la Stampa\u2192la testata<\/p>\n\n\n\n<p class=\"wp-block-paragraph\"><strong>Data di pubblicazione:<\/strong> Gioved\u00ec 25 maggio 2023<\/p>\n\n\n\n<p class=\"wp-block-paragraph\"><strong>Sezione del giornale: <\/strong>primo piano<\/p>\n\n\n\n<p class=\"wp-block-paragraph\"><strong>Occhiello: <\/strong>Catastrofe ambientale<\/p>\n\n\n\n<p class=\"wp-block-paragraph\"><strong>Titolo: <\/strong>Gabriele salvato dalla piena \u201cNon so pi\u00f9 dove andare, ho perduto il mio passato.\u201d<\/p>\n\n\n\n<p class=\"wp-block-paragraph\"><strong>Sommario: <\/strong>Dopo una settimana torna nell\u2019abitazione travolta dall\u2019acqua:\u201d Era una delle pi\u00f9 antiche\u201d<\/p>\n\n\n\n<p class=\"wp-block-paragraph\"><strong>Ci sono foto:<\/strong> s\u00ec, c\u2019\u00e8 una foto<\/p>\n\n\n\n<p class=\"wp-block-paragraph\"><strong>Ci sono grafici: <\/strong>no<\/p>\n\n\n\n<p class=\"wp-block-paragraph\"><strong>Autore dell\u2019articolo: <\/strong>Lod.Pol. (a volte i giornalisti si firmano con abbreviazioni).<\/p>\n\n\n\n<p class=\"wp-block-paragraph\">-L\u2019alluvione \u00e8 iniziata da una settimana,Gabriele Petti ha la casa sommersa d\u2019acqua (una delle pi\u00f9 antiche).<\/p>\n\n\n\n<p class=\"wp-block-paragraph\">-Il fatto \u00e8 accaduto marted\u00ec alle 22:00 di sera.<\/p>\n\n\n\n<p class=\"wp-block-paragraph\">-La casa si trovava in Emilia Romagna, a Forl\u00ec in via Bologna.<\/p>\n\n\n\n<p class=\"wp-block-paragraph\">-In un&nbsp; pianoro un avvallamento si \u00e8 riempito con l\u2019acqua di vari fiumi.<\/p>\n\n\n\n<p class=\"wp-block-paragraph\">-Gabriele guardando fuori si accorse che la sua macchina si stava muovendo, quindi usc\u00ec fuori, ma l\u2019acqua inizi\u00f2 a salire. Per non farsi trasportare dall\u2019acqua si attacc\u00f2 a un palo; nel momento in cui non ce la fece pi\u00f9 arrivarono i soldati per salvarlo.<\/p>\n\n\n\n<p class=\"wp-block-paragraph\">Una volta arrivati lo tranquillizzarono fornendogli del cibo e una coperta. Gabriele insieme ai volontari dopo una settimana ritorn\u00f2 a vedere la sua casa ormai distrutta.<\/p>\n\n\n\n<p class=\"wp-block-paragraph\">Lui ad oggi dorme al centro&nbsp; sfollati con altre persone.<\/p>\n\n\n\n<p class=\"wp-block-paragraph\">&nbsp;Commento: Nonostante tutto, le persone che hanno perso le case hanno ancora speranza nell\u2019umanit\u00e0.<\/p>\n\n\n\n<figure class=\"wp-block-image size-full\"><img loading=\"lazy\" decoding=\"async\" width=\"800\" height=\"369\" src=\"https:\/\/www.icgiovannipaoloii.edu.it\/blog\/wp-content\/uploads\/2023\/06\/piccoli-giornalisti-6.jpg\" alt=\"\" class=\"wp-image-1199\" srcset=\"https:\/\/www.icgiovannipaoloii.edu.it\/blog\/wp-content\/uploads\/2023\/06\/piccoli-giornalisti-6.jpg 800w, https:\/\/www.icgiovannipaoloii.edu.it\/blog\/wp-content\/uploads\/2023\/06\/piccoli-giornalisti-6-300x138.jpg 300w, https:\/\/www.icgiovannipaoloii.edu.it\/blog\/wp-content\/uploads\/2023\/06\/piccoli-giornalisti-6-768x354.jpg 768w\" sizes=\"auto, (max-width: 800px) 100vw, 800px\" \/><\/figure>\n\n\n\n<figure class=\"wp-block-image size-full\"><img loading=\"lazy\" decoding=\"async\" width=\"800\" height=\"369\" src=\"https:\/\/www.icgiovannipaoloii.edu.it\/blog\/wp-content\/uploads\/2023\/06\/piccoli-giornalisti-9.jpg\" alt=\"\" class=\"wp-image-1202\" srcset=\"https:\/\/www.icgiovannipaoloii.edu.it\/blog\/wp-content\/uploads\/2023\/06\/piccoli-giornalisti-9.jpg 800w, https:\/\/www.icgiovannipaoloii.edu.it\/blog\/wp-content\/uploads\/2023\/06\/piccoli-giornalisti-9-300x138.jpg 300w, https:\/\/www.icgiovannipaoloii.edu.it\/blog\/wp-content\/uploads\/2023\/06\/piccoli-giornalisti-9-768x354.jpg 768w\" sizes=\"auto, (max-width: 800px) 100vw, 800px\" \/><\/figure>\n\n\n\n<h2 class=\"wp-block-heading\"><strong>Allarme sull\u2019uso dei social &#8211; Analisi di un articolo di giornale<\/strong><\/h2>\n\n\n\n<p class=\"wp-block-paragraph\">Gruppo: Simone, Patrizio, Valerio<\/p>\n\n\n\n<p class=\"wp-block-paragraph\">NOME DEL GIORNALE: LA REPUBBLICA \u2192 TESTATA<\/p>\n\n\n\n<p class=\"wp-block-paragraph\">DATA DI PUBBLICAZIONE: GIOVED\u00cc, 25 MAGGIO 2023<\/p>\n\n\n\n<p class=\"wp-block-paragraph\">SEZIONE DEL GIORNALE: CRONACA<\/p>\n\n\n\n<p class=\"wp-block-paragraph\">OCCHIELLO: Le nuove tecnologie<\/p>\n\n\n\n<p class=\"wp-block-paragraph\">TITOLO: Usa, allarme sui social \u2018Danni alla salute mentale dei ragazzi pi\u00f9 giovani\u2019.<\/p>\n\n\n\n<p class=\"wp-block-paragraph\">SOMMARIO: Un rapporto del Surgeon General chiede interventi per regolare l\u2019utilizzo delle piattaforme: \u2018Non possiamo aspettare anni prima di conoscerne l\u2019impatto sul cervello\u2019.<\/p>\n\n\n\n<p class=\"wp-block-paragraph\">L\u2019articolo appartiene al genere della: CRONACA BIANCA<\/p>\n\n\n\n<p class=\"wp-block-paragraph\">AUTORE DELL\u2019 ARTICOLO: la giornalista Anna Lombardi<\/p>\n\n\n\n<p class=\"wp-block-paragraph\">CI SONO IMMAGINI? Si, ci sono due immagini<\/p>\n\n\n\n<p class=\"wp-block-paragraph\">CI SONO GRAFICI? Si, c\u2019\u00e8 un grafico<\/p>\n\n\n\n<p class=\"wp-block-paragraph\">E risultato pi\u00f9 comprensibile capire di cosa si parlasse dal titolo rispetto all\u2019 occhiello<\/p>\n\n\n\n<ul class=\"wp-block-list\">\n<li>I social possono essere dannosi per bambini, ragazzi e adulti, bisogna agire al pi\u00f9 presto con nuove regole. E l\u2019allarme lanciato dalla massima autorit\u00e0 sanitaria, il dottor <strong>Vivek Murthy<\/strong> che riveste il ruolo di \u2018<strong>Surgeon General<\/strong>\u2019 cio\u00e8 \u2018<strong>Chirurgo Generale<\/strong>&#8216;<strong>.<\/strong><\/li>\n\n\n\n<li>Dopo aver denunciato un\u2019 altra emergenza solo qualche settimana fa, la solitudine come nuova epidemia, chiede di far fronte a un\u2019 altra emergenza: il disagio mentale di bambini e adolescenti.<\/li>\n\n\n\n<li>Pur riconoscendo i vantaggi offerti da certe piattaforme ci sono ampi indicatori secondo cui i social possono portare danno al benessere di bambini e adolescenti.<\/li>\n\n\n\n<li>Servono nuovi standard di sicurezza al pi\u00f9 presto: i ragazzi non possono permettersi il lusso di aspettare anni prima di conoscere la portata dell\u2019impatto dei social sul loro cervello. Diversi sono gli studi che stabiliscono i legami tra l\u2019uso incontrollato dei social e sintomi depressivi.<\/li>\n\n\n\n<li>In un paese il 95% dei <strong>teenager <\/strong>usa almeno uno dei cinque principali social e il 35% ammette di farne uso \u2018quasi costante\u2019. Tanto pi\u00f9 accostando quelle percentuali ai risultati di una recente ricerca pubblicata ad aprile, secondo cui il 55% dei giovani americani riferisce di sentirsi \u2018ansioso o nervoso\u2019 e il 47% pi\u00f9 specificamente \u2018depresso\u2019.<\/li>\n\n\n\n<li>Anche le famiglie dei ragazzi devono comportarsi in modo corretto. Per esempio, devo mantenere i pasti e altri momenti di socialit\u00e0 familiare \u2018social-free\u2019 (liberi dai social), nel corso dei quali anche i genitori rinunciano ai loro cellulari, suggerendo di stabilire tutti insieme limiti tempistici e di privacy.<\/li>\n<\/ul>\n\n\n\n<p class=\"wp-block-paragraph\">Lo stato dell\u2019 Utah \u00e8 il primo a vietare ai minori di 18 anni di avere account senza il consenso di almeno un genitore.<\/p>\n\n\n\n<p class=\"wp-block-paragraph\">&nbsp; Commento: questo articolo ci insegna che si pu\u00f2 sopravvivere anche senza social, passando il tempo con la propria famiglia, con i propri fratelli, con gli amici, aiutando le persone in difficolt\u00e0. Insomma, i social, usati per troppo tempo, possono provocare danni al cervello.<\/p>\n\n\n\n<figure class=\"wp-block-image size-full\"><img loading=\"lazy\" decoding=\"async\" width=\"800\" height=\"369\" src=\"https:\/\/www.icgiovannipaoloii.edu.it\/blog\/wp-content\/uploads\/2023\/06\/piccoli-giornalisti-7.jpg\" alt=\"\" class=\"wp-image-1200\" srcset=\"https:\/\/www.icgiovannipaoloii.edu.it\/blog\/wp-content\/uploads\/2023\/06\/piccoli-giornalisti-7.jpg 800w, https:\/\/www.icgiovannipaoloii.edu.it\/blog\/wp-content\/uploads\/2023\/06\/piccoli-giornalisti-7-300x138.jpg 300w, https:\/\/www.icgiovannipaoloii.edu.it\/blog\/wp-content\/uploads\/2023\/06\/piccoli-giornalisti-7-768x354.jpg 768w\" sizes=\"auto, (max-width: 800px) 100vw, 800px\" \/><\/figure>\n\n\n\n<figure class=\"wp-block-image size-full\"><img loading=\"lazy\" decoding=\"async\" width=\"800\" height=\"369\" src=\"https:\/\/www.icgiovannipaoloii.edu.it\/blog\/wp-content\/uploads\/2023\/06\/piccoli-giornalisti-8.jpg\" alt=\"\" class=\"wp-image-1201\" srcset=\"https:\/\/www.icgiovannipaoloii.edu.it\/blog\/wp-content\/uploads\/2023\/06\/piccoli-giornalisti-8.jpg 800w, https:\/\/www.icgiovannipaoloii.edu.it\/blog\/wp-content\/uploads\/2023\/06\/piccoli-giornalisti-8-300x138.jpg 300w, https:\/\/www.icgiovannipaoloii.edu.it\/blog\/wp-content\/uploads\/2023\/06\/piccoli-giornalisti-8-768x354.jpg 768w\" sizes=\"auto, (max-width: 800px) 100vw, 800px\" \/><\/figure>\n\n\n\n<figure class=\"wp-block-gallery has-nested-images columns-default is-cropped wp-block-gallery-1 is-layout-flex wp-block-gallery-is-layout-flex\">\n<figure class=\"wp-block-image size-large\"><img loading=\"lazy\" decoding=\"async\" width=\"800\" height=\"369\" data-id=\"1209\" src=\"https:\/\/www.icgiovannipaoloii.edu.it\/blog\/wp-content\/uploads\/2023\/06\/piccoli-giornalisti-16.jpg\" alt=\"\" class=\"wp-image-1209\" srcset=\"https:\/\/www.icgiovannipaoloii.edu.it\/blog\/wp-content\/uploads\/2023\/06\/piccoli-giornalisti-16.jpg 800w, https:\/\/www.icgiovannipaoloii.edu.it\/blog\/wp-content\/uploads\/2023\/06\/piccoli-giornalisti-16-300x138.jpg 300w, https:\/\/www.icgiovannipaoloii.edu.it\/blog\/wp-content\/uploads\/2023\/06\/piccoli-giornalisti-16-768x354.jpg 768w\" sizes=\"auto, (max-width: 800px) 100vw, 800px\" \/><\/figure>\n\n\n\n<figure class=\"wp-block-image size-large\"><img loading=\"lazy\" decoding=\"async\" width=\"800\" height=\"369\" data-id=\"1210\" src=\"https:\/\/www.icgiovannipaoloii.edu.it\/blog\/wp-content\/uploads\/2023\/06\/piccoli-giornalisti-17.jpg\" alt=\"\" class=\"wp-image-1210\" srcset=\"https:\/\/www.icgiovannipaoloii.edu.it\/blog\/wp-content\/uploads\/2023\/06\/piccoli-giornalisti-17.jpg 800w, https:\/\/www.icgiovannipaoloii.edu.it\/blog\/wp-content\/uploads\/2023\/06\/piccoli-giornalisti-17-300x138.jpg 300w, https:\/\/www.icgiovannipaoloii.edu.it\/blog\/wp-content\/uploads\/2023\/06\/piccoli-giornalisti-17-768x354.jpg 768w\" sizes=\"auto, (max-width: 800px) 100vw, 800px\" \/><\/figure>\n\n\n\n<figure class=\"wp-block-image size-large\"><img loading=\"lazy\" decoding=\"async\" width=\"800\" height=\"369\" data-id=\"1211\" src=\"https:\/\/www.icgiovannipaoloii.edu.it\/blog\/wp-content\/uploads\/2023\/06\/piccoli-giornalisti-18.jpg\" alt=\"\" class=\"wp-image-1211\" srcset=\"https:\/\/www.icgiovannipaoloii.edu.it\/blog\/wp-content\/uploads\/2023\/06\/piccoli-giornalisti-18.jpg 800w, https:\/\/www.icgiovannipaoloii.edu.it\/blog\/wp-content\/uploads\/2023\/06\/piccoli-giornalisti-18-300x138.jpg 300w, https:\/\/www.icgiovannipaoloii.edu.it\/blog\/wp-content\/uploads\/2023\/06\/piccoli-giornalisti-18-768x354.jpg 768w\" sizes=\"auto, (max-width: 800px) 100vw, 800px\" \/><\/figure>\n<\/figure>\n","protected":false},"excerpt":{"rendered":"<p>Gli alunni della 5 B hanno lavorato in classe sull&#8217;analisi dei giornali. Dopo aver letto alcuni articoli da diverse testate giornalistiche, divisi in piccoli gruppi hanno sintetizzato i testi e scritto i nostri commenti. I temi trattati sono stati diversi: l&#8217;alluvione in Emilia-Romagna, la crisi climatica, il bullismo, le baby gang, i 75 anni della Costituzione, i rischi legati all&#8217;uso eccessivo dei social nei ragazzi. Di seguito i lavori prodotti e qualche immagine della nostra redazione all&#8217;opera. Baby gang al centro commerciale &#8211; Analisi di una pagina di giornale gruppo: Claudia &#8211; Andrea &#8211; Maddalena Nome del giornale: Il Tempo\u2192testata Data di pubblicazione:25 maggio 2023 Occhiello:Al ragazzo strappata la collanina d\u2019oro. Finisce l\u2019incubo al centro commerciale \u201cAura\u201d Titolo: Ventenne rapinato. Presa la baby gang Sommario: Arrestati due minorenni e tre maggiorenni caccia ai complici &nbsp;Genere: Cronaca nera Autore dell\u2019articolo: Pina Sereni Ci sono foto: S\u00ec, c&#8217;\u00e8 una foto Ci sono grafici: No, non ci sono Commento Da questo articolo si vede quanto i genitori controllino i loro figli e come li educano, ora siamo nel 2023 e il mondo dovrebbe migliorare. Il ragazzo ora \u00e8 sotto shock e gli hanno fatto un\u2019 intervista. Le proteste dei ragazzi per il cambiamento climatico &#8211; Analisi di una pagina di giornale Gruppo: Emanuele,Chiara,Flavio Nome del giornale: Corriere della sera \u2192 testata Data di pubblicazione: 25 maggio 2023 Sezione del giornale: Primo piano con civetta in prima pagina Sommario: Sono criticati, ma portano un messaggio scientifico. Preferiamo che la verit\u00e0 non ci venga sbattuta in faccia Titolo: L&#8217;Italia ascolti le proteste dei suoi ragazzi Occhiello: La crisi climatica Genere: Cronaca bianca Autore dell\u2019articolo: Paolo Giordano Questo rovinare e sporcare li allontana dal renderli simpatici, e, sembra unificare lo sdegno nei loro confronti, una riprovazione bipartisan, ogni tanto. Quando si parla di loro, lo si fa per ricondizionare gli sforzi (perch\u00e9 non spalare fango invece di versarlo addosso?).&nbsp;&nbsp; I critici indulgenti, se la prendono con la forma: va bene, c\u2019\u00e8 la crisi climatica, ma non sono questi i modi! Commento: Noi speriamo che le bande di attivisti protestino senza rovinare le opere d\u2019arte, ma parlando con la gente in modo calmo per far capire di usare meno plastica, e se si usa di non gettarla per terra ma nel secchio giusto della differenziata. Di usare meno l&#8217;auto e gli autobus, ma usare metro,bici,ecc\u2026cos\u00ec possiamo aiutare tutti anche se in piccolo. Il cyberbullismo tra ragazzi &#8211; Analisi di un articolo di giornale Gruppo: Giorgia, Kevin, Federico Nome del giornale:Il Messaggero\u2192testata Data di pubblicazione: 25 maggio 2023 Sezione del giornale: cronaca nera Occhiello: i bulli sono stati impegnati nell&#8217;assistenza a ragazzi disabili e nei corsi di italiano per alunni stranieri. Titolo:Chat dell\u2019odio,bulli sospesi \u2018\u2018pensavamo fosse un gioco\u2019\u2019. Sommario: Parla&nbsp; la preside della scuola dove una 13enne \u00e8 stata presa di mira dai compagni di classe. La procura indaga su sette ragazzi per istigazione e stalking. Autore dell\u2019articolo: Marco Cusumano Si spera che questa cosa non accada mai pi\u00f9. La festa del 2 giugno, i 75 anni della Costituzione &#8211; Analisi di un articolo di giornale Gruppo: Nicol\u00f2, Agata, Luca, Wissal Nome del giornale: Il Messaggero (inserto interno)\u2192 testata Data di pubblicazione: 25 maggio 2023 Sezione del giornale: Cultura Occhiello: Verso il 2 giugno festeggiando i 75 anni della legge con una ragazza di ieri e una di oggi. Titolo: Paola Del Din, IO PATRIOTA NEI GIORNI DELLA COSTITUZIONE. Sommario: Compir\u00e0 100 anni il prossimo 23 agosto, ha fatto la guerra nella Brigata Osoppo e al primo voto delle donne non si emozion\u00f2. &lt;&lt; Votai monarchia, non&nbsp; vedevo persone affidabili poi ho apprezzato Einaudi e De Nicola. L\u2019 articolo che amo di pi\u00f9? Il 52, la difesa del Paese&gt;&gt;. L\u2019articolo appartiene al genere: Cronaca bianca Autore dell\u2019articolo: La giornalista Camilla De Mori Ci sono immagini?: s\u00ec, ce ne sono quattro Ci sono grafici?: no E\u2019 risultato pi\u00f9 comprensibile capire il contenuto dal sommario rispetto al titolo. Qualche settimana fa nella sua Udine era in prima fila sul palco dell\u2019adunata nazionale degli alpini. Nome di battaglia \u201c Renata\u201d, medaglia d\u2019oro al valor militare, prima donna paracadutista militare italiana durante la Resistenza. Si definisce \u201cpatriota\u201d, non partigiana. Lei si definisce \u201cPatriota\u201d perch\u00e9 ha partecipato alla Resistenza per tutti gli Italiani. La lotta doveva essere vinta per portare l&#8217;Italia alla libert\u00e0. LESSICO Lassismo: s.m. Atteggiamento di eccessiva tolleranza e indulgenza riguardo al rispetto o meno delle norme morali e di condotta. L&#8217;alluvione in Emilia-Romagna &#8211; Analisi di una pagina di giornale Gruppo: Giulia, Edoardo e Nicole Nome del giornale: la Stampa\u2192la testata Data di pubblicazione: Gioved\u00ec 25 maggio 2023 Sezione del giornale: primo piano Occhiello: Catastrofe ambientale Titolo: Gabriele salvato dalla piena \u201cNon so pi\u00f9 dove andare, ho perduto il mio passato.\u201d Sommario: Dopo una settimana torna nell\u2019abitazione travolta dall\u2019acqua:\u201d Era una delle pi\u00f9 antiche\u201d Ci sono foto: s\u00ec, c\u2019\u00e8 una foto Ci sono grafici: no Autore dell\u2019articolo: Lod.Pol. (a volte i giornalisti si firmano con abbreviazioni). -L\u2019alluvione \u00e8 iniziata da una settimana,Gabriele Petti ha la casa sommersa d\u2019acqua (una delle pi\u00f9 antiche). -Il fatto \u00e8 accaduto marted\u00ec alle 22:00 di sera. -La casa si trovava in Emilia Romagna, a Forl\u00ec in via Bologna. -In un&nbsp; pianoro un avvallamento si \u00e8 riempito con l\u2019acqua di vari fiumi. -Gabriele guardando fuori si accorse che la sua macchina si stava muovendo, quindi usc\u00ec fuori, ma l\u2019acqua inizi\u00f2 a salire. Per non farsi trasportare dall\u2019acqua si attacc\u00f2 a un palo; nel momento in cui non ce la fece pi\u00f9 arrivarono i soldati per salvarlo. Una volta arrivati lo tranquillizzarono fornendogli del cibo e una coperta. Gabriele insieme ai volontari dopo una settimana ritorn\u00f2 a vedere la sua casa ormai distrutta. Lui ad oggi dorme al centro&nbsp; sfollati con altre persone. &nbsp;Commento: Nonostante tutto, le persone che hanno perso le case hanno ancora speranza nell\u2019umanit\u00e0. Allarme sull\u2019uso dei social &#8211; Analisi di un articolo di giornale Gruppo: Simone, Patrizio, Valerio NOME DEL GIORNALE: LA REPUBBLICA \u2192 TESTATA DATA DI PUBBLICAZIONE: GIOVED\u00cc, 25 MAGGIO 2023 SEZIONE DEL GIORNALE: CRONACA OCCHIELLO: Le nuove tecnologie TITOLO: Usa, allarme sui social \u2018Danni alla salute mentale dei ragazzi pi\u00f9 giovani\u2019. SOMMARIO: Un rapporto del Surgeon General chiede interventi per regolare l\u2019utilizzo delle piattaforme: \u2018Non possiamo aspettare anni prima di conoscerne l\u2019impatto sul cervello\u2019. L\u2019articolo appartiene al genere della: CRONACA BIANCA AUTORE DELL\u2019 ARTICOLO: la giornalista Anna Lombardi CI SONO IMMAGINI? Si, ci sono due immagini CI SONO GRAFICI? Si, c\u2019\u00e8 un grafico E risultato pi\u00f9 comprensibile capire di cosa si parlasse dal titolo rispetto all\u2019 occhiello Lo stato dell\u2019 Utah \u00e8 il primo a vietare ai minori di 18 anni di avere account senza il consenso di almeno un genitore. &nbsp; Commento: questo articolo ci insegna che si pu\u00f2 sopravvivere anche senza social, passando il tempo con la propria famiglia, con i propri fratelli, con gli amici, aiutando le persone in difficolt\u00e0. Insomma, i social, usati per troppo tempo, possono provocare danni al cervello.<\/p>\n","protected":false},"author":1,"featured_media":1212,"comment_status":"closed","ping_status":"open","sticky":false,"template":"","format":"standard","meta":{"footnotes":""},"categories":[148,2],"tags":[30,120],"class_list":["post-1193","post","type-post","status-publish","format-standard","has-post-thumbnail","hentry","category-piccoli-giornalisti","category-primaria","tag-educazione-civica","tag-piccoli-giornalisti"],"views":1369,"_links":{"self":[{"href":"https:\/\/www.icgiovannipaoloii.edu.it\/blog\/wp-json\/wp\/v2\/posts\/1193","targetHints":{"allow":["GET"]}}],"collection":[{"href":"https:\/\/www.icgiovannipaoloii.edu.it\/blog\/wp-json\/wp\/v2\/posts"}],"about":[{"href":"https:\/\/www.icgiovannipaoloii.edu.it\/blog\/wp-json\/wp\/v2\/types\/post"}],"author":[{"embeddable":true,"href":"https:\/\/www.icgiovannipaoloii.edu.it\/blog\/wp-json\/wp\/v2\/users\/1"}],"replies":[{"embeddable":true,"href":"https:\/\/www.icgiovannipaoloii.edu.it\/blog\/wp-json\/wp\/v2\/comments?post=1193"}],"version-history":[{"count":2,"href":"https:\/\/www.icgiovannipaoloii.edu.it\/blog\/wp-json\/wp\/v2\/posts\/1193\/revisions"}],"predecessor-version":[{"id":1215,"href":"https:\/\/www.icgiovannipaoloii.edu.it\/blog\/wp-json\/wp\/v2\/posts\/1193\/revisions\/1215"}],"wp:featuredmedia":[{"embeddable":true,"href":"https:\/\/www.icgiovannipaoloii.edu.it\/blog\/wp-json\/wp\/v2\/media\/1212"}],"wp:attachment":[{"href":"https:\/\/www.icgiovannipaoloii.edu.it\/blog\/wp-json\/wp\/v2\/media?parent=1193"}],"wp:term":[{"taxonomy":"category","embeddable":true,"href":"https:\/\/www.icgiovannipaoloii.edu.it\/blog\/wp-json\/wp\/v2\/categories?post=1193"},{"taxonomy":"post_tag","embeddable":true,"href":"https:\/\/www.icgiovannipaoloii.edu.it\/blog\/wp-json\/wp\/v2\/tags?post=1193"}],"curies":[{"name":"wp","href":"https:\/\/api.w.org\/{rel}","templated":true}]}}