{"id":1298,"date":"2023-09-22T21:32:44","date_gmt":"2023-09-22T21:32:44","guid":{"rendered":"https:\/\/www.icgiovannipaoloii.edu.it\/blog\/?p=1298"},"modified":"2023-09-22T21:33:21","modified_gmt":"2023-09-22T21:33:21","slug":"giornata-internazionale-della-pace-2023","status":"publish","type":"post","link":"https:\/\/www.icgiovannipaoloii.edu.it\/blog\/primaria\/giornata-internazionale-della-pace-2023\/","title":{"rendered":"Giornata internazionale della pace 2023"},"content":{"rendered":"\n<p class=\"wp-block-paragraph\">Ogni anno, il 21 settembre tutto il mondo si unisce per celebrare la Giornata Internazionale della Pace.&nbsp;<strong>Questo giorno speciale \u00e8 dedicato alla promozione della pace, all&#8217;instaurazione di un cessate il fuoco globale e all&#8217;impegno per un futuro pacifico<\/strong>.<\/p>\n\n\n\n<p class=\"wp-block-paragraph\"><br>Gli alunni delle classi quarte e quinte della scuola Primaria attraverso una semplice filastrocca corredata da disegni creati da loro stessi,hanno riflettuto sul fatto che la pace si costruisce giorno dopo giorno partendo proprio dalla realt\u00e0 che ci circonda,a casa, per strada, a scuola,con i compagni di classe perch\u00e9 &#8230;la pace \u00e8 il sogno pi\u00f9 bello di ogni colore:un poco per ciascuno e si riempie il cuore!<\/p>\n\n\n\n<figure class=\"wp-block-embed is-type-video is-provider-youtube wp-block-embed-youtube wp-embed-aspect-16-9 wp-has-aspect-ratio\"><div class=\"wp-block-embed__wrapper\">\n<iframe loading=\"lazy\" title=\"giornata della pace 2023\" width=\"960\" height=\"540\" src=\"https:\/\/www.youtube.com\/embed\/zx_R2OjzQeA?feature=oembed\" frameborder=\"0\" allow=\"accelerometer; autoplay; clipboard-write; encrypted-media; gyroscope; picture-in-picture; web-share\" allowfullscreen><\/iframe>\n<\/div><\/figure>\n","protected":false},"excerpt":{"rendered":"<p>Ogni anno, il 21 settembre tutto il mondo si unisce per celebrare la Giornata Internazionale della Pace.&nbsp;Questo giorno speciale \u00e8 dedicato alla promozione della pace, all&#8217;instaurazione di un cessate il fuoco globale e all&#8217;impegno per un futuro pacifico. Gli alunni delle classi quarte e quinte della scuola Primaria attraverso una semplice filastrocca corredata da disegni creati da loro stessi,hanno riflettuto sul fatto che la pace si costruisce giorno dopo giorno partendo proprio dalla realt\u00e0 che ci circonda,a casa, per strada, a scuola,con i compagni di classe perch\u00e9 &#8230;la pace \u00e8 il sogno pi\u00f9 bello di ogni colore:un poco per ciascuno e si riempie il cuore!<\/p>\n","protected":false},"author":1,"featured_media":1300,"comment_status":"closed","ping_status":"open","sticky":false,"template":"","format":"standard","meta":{"footnotes":""},"categories":[2],"tags":[30],"class_list":["post-1298","post","type-post","status-publish","format-standard","has-post-thumbnail","hentry","category-primaria","tag-educazione-civica"],"views":487,"_links":{"self":[{"href":"https:\/\/www.icgiovannipaoloii.edu.it\/blog\/wp-json\/wp\/v2\/posts\/1298","targetHints":{"allow":["GET"]}}],"collection":[{"href":"https:\/\/www.icgiovannipaoloii.edu.it\/blog\/wp-json\/wp\/v2\/posts"}],"about":[{"href":"https:\/\/www.icgiovannipaoloii.edu.it\/blog\/wp-json\/wp\/v2\/types\/post"}],"author":[{"embeddable":true,"href":"https:\/\/www.icgiovannipaoloii.edu.it\/blog\/wp-json\/wp\/v2\/users\/1"}],"replies":[{"embeddable":true,"href":"https:\/\/www.icgiovannipaoloii.edu.it\/blog\/wp-json\/wp\/v2\/comments?post=1298"}],"version-history":[{"count":2,"href":"https:\/\/www.icgiovannipaoloii.edu.it\/blog\/wp-json\/wp\/v2\/posts\/1298\/revisions"}],"predecessor-version":[{"id":1301,"href":"https:\/\/www.icgiovannipaoloii.edu.it\/blog\/wp-json\/wp\/v2\/posts\/1298\/revisions\/1301"}],"wp:featuredmedia":[{"embeddable":true,"href":"https:\/\/www.icgiovannipaoloii.edu.it\/blog\/wp-json\/wp\/v2\/media\/1300"}],"wp:attachment":[{"href":"https:\/\/www.icgiovannipaoloii.edu.it\/blog\/wp-json\/wp\/v2\/media?parent=1298"}],"wp:term":[{"taxonomy":"category","embeddable":true,"href":"https:\/\/www.icgiovannipaoloii.edu.it\/blog\/wp-json\/wp\/v2\/categories?post=1298"},{"taxonomy":"post_tag","embeddable":true,"href":"https:\/\/www.icgiovannipaoloii.edu.it\/blog\/wp-json\/wp\/v2\/tags?post=1298"}],"curies":[{"name":"wp","href":"https:\/\/api.w.org\/{rel}","templated":true}]}}