{"id":199,"date":"2021-06-14T10:31:26","date_gmt":"2021-06-14T10:31:26","guid":{"rendered":"http:\/\/www.icgiovannipaoloii.edu.it\/blog\/?p=199"},"modified":"2022-04-02T15:43:11","modified_gmt":"2022-04-02T15:43:11","slug":"aria-pulita-pubblicita","status":"publish","type":"post","link":"https:\/\/www.icgiovannipaoloii.edu.it\/blog\/primaria\/aria-pulita-pubblicita\/","title":{"rendered":"Pubblicit\u00e0 per l&#8217;aria pulita"},"content":{"rendered":"\n<p class=\"wp-block-paragraph\">Nei disegni dei bambini il cielo \u00e8 sempre azzurro, le nuvole grigie e la terra \u00e8 ricoperta di un bel verde intenso. Peccato che la realt\u00e0 non sia quella che i piccoli immaginano nelle loro opere d\u2019arte. Perch\u00e9 spesso il cielo \u00e8 coperto da una cappa di inquinamento e smog che non permette di ammirare il suo colore.<\/p>\n\n\n\n<p class=\"wp-block-paragraph\">L\u2019inquinamento \u00e8 un problema molto grave, tipico dei paesi industrializzati ma presente ormai in tutto il mondo. Si manifesta quando nell\u2019ambiente vengono introdotte , in modo diretto o indiretto, sostanze dannose o estranee che possono distruggere l\u2019equilibrio naturale della terra. Provocando danni sia all\u2019ambiente che alla salute umana.<\/p>\n\n\n\n<p class=\"wp-block-paragraph\">Gli agenti inquinanti non causano squilibri solo nel luogo in cui sono stati rilasciati bens\u00ec, viaggiano tramite l\u2019aria, l\u2019acqua e il terreno, raggiungendo anche zone \u201cincontaminate\u201d. Questo ci fa capire che ogni nostro gesto, anche se apparentemente insignificante, ha ripercussioni su tutto il pianeta. Tutti gli esseri viventi soffrono per l\u2019inquinamento, compresi gli esseri umani, perch\u00e9 siamo parte integrante di un ecosistema chiamato \u201cTERRA\u201d dove tutto \u00e8 interconnesso quindi, se causiamo un danno al pianeta lo causiamo a noi stessi.<\/p>\n\n\n\n<p class=\"wp-block-paragraph\">Per essere cittadini responsabili, \u00e8 necessario che tutti adottiamo misure preventive per ridurre l\u2019inquinamento atmosferico e i suoi effetti. In questa prospettiva \u00e8 nato il nostro compito di realt\u00e0 \u201cPUBBLICITA\u2019 PER L\u2019ARIA PULITA\u201d ossia, una campagna di sensibilizzazione contro l\u2019inquinamento atmosferico. La traccia che ha fatto da sfondo a questo compito di realt\u00e0, \u00e8 rappresentata da un ideale lettera di un Sindaco che si rivolge ai bambini residenti in zona, chiedendo loro di progettare una campagna pubblicitaria contro l\u2019inquinamento, rivolta agli adulti, con l\u2019intenzione di convincerli ad usare meno l\u2019automobile e di pi\u00f9 i mezzi pubblici.<\/p>\n\n\n\n<p class=\"wp-block-paragraph\">La scelta della modalit\u00e0 con cui diffondere l\u2019informazione e quella del metodo di lavoro, sono state lasciate ai bambini contribuendo cos\u00ec a creare un contesto in cui gli alunni hanno potuto esercitare a pieno le proprie competenze e la propria originalit\u00e0.<\/p>\n\n\n\n<p class=\"wp-block-paragraph\">Ecco il lavoro della classe quarta C della Scuola Primaria che ha elaborato delle pubblicit\u00e0 per invitare grandi e piccini a rispettare l&#8217;ambiente e a migliorare la qualit\u00e0 dell&#8217;aria.<\/p>\n\n\n\n<figure class=\"wp-block-embed is-type-video is-provider-youtube wp-block-embed-youtube wp-embed-aspect-16-9 wp-has-aspect-ratio\"><div class=\"wp-block-embed__wrapper\">\n<iframe loading=\"lazy\" title=\"Pubblicit\u00e0 aria pulita\" width=\"960\" height=\"540\" src=\"https:\/\/www.youtube.com\/embed\/FyjH3oncePk?feature=oembed\" frameborder=\"0\" allow=\"accelerometer; autoplay; clipboard-write; encrypted-media; gyroscope; picture-in-picture\" allowfullscreen><\/iframe>\n<\/div><\/figure>\n","protected":false},"excerpt":{"rendered":"<p>Nei disegni dei bambini il cielo \u00e8 sempre azzurro, le nuvole grigie e la terra \u00e8 ricoperta di un bel verde intenso. Peccato che la realt\u00e0 non sia quella che i piccoli immaginano nelle loro opere d\u2019arte. Perch\u00e9 spesso il cielo \u00e8 coperto da una cappa di inquinamento e smog che non permette di ammirare il suo colore. L\u2019inquinamento \u00e8 un problema molto grave, tipico dei paesi industrializzati ma presente ormai in tutto il mondo. Si manifesta quando nell\u2019ambiente vengono introdotte , in modo diretto o indiretto, sostanze dannose o estranee che possono distruggere l\u2019equilibrio naturale della terra. Provocando danni sia all\u2019ambiente che alla salute umana. Gli agenti inquinanti non causano squilibri solo nel luogo in cui sono stati rilasciati bens\u00ec, viaggiano tramite l\u2019aria, l\u2019acqua e il terreno, raggiungendo anche zone \u201cincontaminate\u201d. Questo ci fa capire che ogni nostro gesto, anche se apparentemente insignificante, ha ripercussioni su tutto il pianeta. Tutti gli esseri viventi soffrono per l\u2019inquinamento, compresi gli esseri umani, perch\u00e9 siamo parte integrante di un ecosistema chiamato \u201cTERRA\u201d dove tutto \u00e8 interconnesso quindi, se causiamo un danno al pianeta lo causiamo a noi stessi. Per essere cittadini responsabili, \u00e8 necessario che tutti adottiamo misure preventive per ridurre l\u2019inquinamento atmosferico e i suoi effetti. In questa prospettiva \u00e8 nato il nostro compito di realt\u00e0 \u201cPUBBLICITA\u2019 PER L\u2019ARIA PULITA\u201d ossia, una campagna di sensibilizzazione contro l\u2019inquinamento atmosferico. La traccia che ha fatto da sfondo a questo compito di realt\u00e0, \u00e8 rappresentata da un ideale lettera di un Sindaco che si rivolge ai bambini residenti in zona, chiedendo loro di progettare una campagna pubblicitaria contro l\u2019inquinamento, rivolta agli adulti, con l\u2019intenzione di convincerli ad usare meno l\u2019automobile e di pi\u00f9 i mezzi pubblici. La scelta della modalit\u00e0 con cui diffondere l\u2019informazione e quella del metodo di lavoro, sono state lasciate ai bambini contribuendo cos\u00ec a creare un contesto in cui gli alunni hanno potuto esercitare a pieno le proprie competenze e la propria originalit\u00e0. Ecco il lavoro della classe quarta C della Scuola Primaria che ha elaborato delle pubblicit\u00e0 per invitare grandi e piccini a rispettare l&#8217;ambiente e a migliorare la qualit\u00e0 dell&#8217;aria.<\/p>\n","protected":false},"author":1,"featured_media":200,"comment_status":"closed","ping_status":"closed","sticky":false,"template":"","format":"standard","meta":{"footnotes":""},"categories":[2],"tags":[6,5,11,7],"class_list":["post-199","post","type-post","status-publish","format-standard","has-post-thumbnail","hentry","category-primaria","tag-aria-pulita","tag-ecologia","tag-educazione-ambientale","tag-scuola-primaria"],"views":2283,"_links":{"self":[{"href":"https:\/\/www.icgiovannipaoloii.edu.it\/blog\/wp-json\/wp\/v2\/posts\/199","targetHints":{"allow":["GET"]}}],"collection":[{"href":"https:\/\/www.icgiovannipaoloii.edu.it\/blog\/wp-json\/wp\/v2\/posts"}],"about":[{"href":"https:\/\/www.icgiovannipaoloii.edu.it\/blog\/wp-json\/wp\/v2\/types\/post"}],"author":[{"embeddable":true,"href":"https:\/\/www.icgiovannipaoloii.edu.it\/blog\/wp-json\/wp\/v2\/users\/1"}],"replies":[{"embeddable":true,"href":"https:\/\/www.icgiovannipaoloii.edu.it\/blog\/wp-json\/wp\/v2\/comments?post=199"}],"version-history":[{"count":5,"href":"https:\/\/www.icgiovannipaoloii.edu.it\/blog\/wp-json\/wp\/v2\/posts\/199\/revisions"}],"predecessor-version":[{"id":390,"href":"https:\/\/www.icgiovannipaoloii.edu.it\/blog\/wp-json\/wp\/v2\/posts\/199\/revisions\/390"}],"wp:featuredmedia":[{"embeddable":true,"href":"https:\/\/www.icgiovannipaoloii.edu.it\/blog\/wp-json\/wp\/v2\/media\/200"}],"wp:attachment":[{"href":"https:\/\/www.icgiovannipaoloii.edu.it\/blog\/wp-json\/wp\/v2\/media?parent=199"}],"wp:term":[{"taxonomy":"category","embeddable":true,"href":"https:\/\/www.icgiovannipaoloii.edu.it\/blog\/wp-json\/wp\/v2\/categories?post=199"},{"taxonomy":"post_tag","embeddable":true,"href":"https:\/\/www.icgiovannipaoloii.edu.it\/blog\/wp-json\/wp\/v2\/tags?post=199"}],"curies":[{"name":"wp","href":"https:\/\/api.w.org\/{rel}","templated":true}]}}