{"id":2061,"date":"2024-11-03T18:29:58","date_gmt":"2024-11-03T18:29:58","guid":{"rendered":"https:\/\/www.icgiovannipaoloii.edu.it\/blog\/?p=2061"},"modified":"2024-12-01T22:09:34","modified_gmt":"2024-12-01T22:09:34","slug":"progetto-accoglienza-nella-scuola-dellinfanzia-2024-2025","status":"publish","type":"post","link":"https:\/\/www.icgiovannipaoloii.edu.it\/blog\/infanzia\/progetto-accoglienza-nella-scuola-dellinfanzia-2024-2025\/","title":{"rendered":"Progetto accoglienza nella Scuola dell&#8217;Infanzia 2024-2025"},"content":{"rendered":"\n<p class=\"wp-block-paragraph\">Il progetto accoglienza per questo anno scolastico 2024-2025 si \u00e8 svolto nei mesi di settembre ed ottobre.<\/p>\n\n\n\n<p class=\"wp-block-paragraph\">E\u2019 stato caratterizzato da due fasi: quella iniziale, per i primi giorni di scuola, in cui si sono stati accolti i bambini nuovi, che hanno avuto occasione di stringere nuove e belle amicizie con quelli gi\u00e0 frequentanti: si \u00e8 parlato del tempo personale trascorso in vacanza e delle tante cose condivise tra i bimbi. Racconti sulle vacanze, canzoni, filastrocche, giochi motori per la conoscenza in gruppo ci hanno accompagnato in questa prima fase.<\/p>\n\n\n\n<p class=\"wp-block-paragraph\">Nella seconda fase ci siamo invece concentrati sulla lettura del libro \u201cLa famiglia Topini va a scuola\u201d. Abbiamo svolto attivit\u00e0 di ascolto, circle-time, movimento, drammatizzazione, coding e rielaborazione grafico pittorica sui temi: chi sono? Mi presento! Dove vivo? La mia casa! Chi \u00e8 la mia famiglia? Dove vado a scuola? Chi sono i miei compagni e le mie maestre? I bambini prendendo spunto dalla Famiglia Topini hanno avuto la possibilit\u00e0 di raccontare ed esprimere i propri vissuti personali rispetto a s\u00e8, alla famiglia, agli amici, utilizzando una pluralit\u00e0 di linguaggi espressivi come il corpo, la parola, il gesto grafico.<\/p>\n\n\n\n<figure class=\"wp-block-embed is-type-video is-provider-youtube wp-block-embed-youtube wp-embed-aspect-16-9 wp-has-aspect-ratio\"><div class=\"wp-block-embed__wrapper\">\n<iframe loading=\"lazy\" title=\"accoglienza infanzia 2025\" width=\"960\" height=\"540\" src=\"https:\/\/www.youtube.com\/embed\/tRAyycLsEec?feature=oembed\" frameborder=\"0\" allow=\"accelerometer; autoplay; clipboard-write; encrypted-media; gyroscope; picture-in-picture; web-share\" referrerpolicy=\"strict-origin-when-cross-origin\" allowfullscreen><\/iframe>\n<\/div><\/figure>\n","protected":false},"excerpt":{"rendered":"<p>Il progetto accoglienza per questo anno scolastico 2024-2025 si \u00e8 svolto nei mesi di settembre ed ottobre. E\u2019 stato caratterizzato da due fasi: quella iniziale, per i primi giorni di scuola, in cui si sono stati accolti i bambini nuovi, che hanno avuto occasione di stringere nuove e belle amicizie con quelli gi\u00e0 frequentanti: si \u00e8 parlato del tempo personale trascorso in vacanza e delle tante cose condivise tra i bimbi. Racconti sulle vacanze, canzoni, filastrocche, giochi motori per la conoscenza in gruppo ci hanno accompagnato in questa prima fase. Nella seconda fase ci siamo invece concentrati sulla lettura del libro \u201cLa famiglia Topini va a scuola\u201d. Abbiamo svolto attivit\u00e0 di ascolto, circle-time, movimento, drammatizzazione, coding e rielaborazione grafico pittorica sui temi: chi sono? Mi presento! Dove vivo? La mia casa! Chi \u00e8 la mia famiglia? Dove vado a scuola? Chi sono i miei compagni e le mie maestre? I bambini prendendo spunto dalla Famiglia Topini hanno avuto la possibilit\u00e0 di raccontare ed esprimere i propri vissuti personali rispetto a s\u00e8, alla famiglia, agli amici, utilizzando una pluralit\u00e0 di linguaggi espressivi come il corpo, la parola, il gesto grafico.<\/p>\n","protected":false},"author":1,"featured_media":2062,"comment_status":"closed","ping_status":"open","sticky":false,"template":"","format":"standard","meta":{"footnotes":""},"categories":[3],"tags":[91],"class_list":["post-2061","post","type-post","status-publish","format-standard","has-post-thumbnail","hentry","category-infanzia","tag-accoglienza"],"views":436,"_links":{"self":[{"href":"https:\/\/www.icgiovannipaoloii.edu.it\/blog\/wp-json\/wp\/v2\/posts\/2061","targetHints":{"allow":["GET"]}}],"collection":[{"href":"https:\/\/www.icgiovannipaoloii.edu.it\/blog\/wp-json\/wp\/v2\/posts"}],"about":[{"href":"https:\/\/www.icgiovannipaoloii.edu.it\/blog\/wp-json\/wp\/v2\/types\/post"}],"author":[{"embeddable":true,"href":"https:\/\/www.icgiovannipaoloii.edu.it\/blog\/wp-json\/wp\/v2\/users\/1"}],"replies":[{"embeddable":true,"href":"https:\/\/www.icgiovannipaoloii.edu.it\/blog\/wp-json\/wp\/v2\/comments?post=2061"}],"version-history":[{"count":3,"href":"https:\/\/www.icgiovannipaoloii.edu.it\/blog\/wp-json\/wp\/v2\/posts\/2061\/revisions"}],"predecessor-version":[{"id":2066,"href":"https:\/\/www.icgiovannipaoloii.edu.it\/blog\/wp-json\/wp\/v2\/posts\/2061\/revisions\/2066"}],"wp:featuredmedia":[{"embeddable":true,"href":"https:\/\/www.icgiovannipaoloii.edu.it\/blog\/wp-json\/wp\/v2\/media\/2062"}],"wp:attachment":[{"href":"https:\/\/www.icgiovannipaoloii.edu.it\/blog\/wp-json\/wp\/v2\/media?parent=2061"}],"wp:term":[{"taxonomy":"category","embeddable":true,"href":"https:\/\/www.icgiovannipaoloii.edu.it\/blog\/wp-json\/wp\/v2\/categories?post=2061"},{"taxonomy":"post_tag","embeddable":true,"href":"https:\/\/www.icgiovannipaoloii.edu.it\/blog\/wp-json\/wp\/v2\/tags?post=2061"}],"curies":[{"name":"wp","href":"https:\/\/api.w.org\/{rel}","templated":true}]}}