{"id":2113,"date":"2025-02-04T22:57:59","date_gmt":"2025-02-04T22:57:59","guid":{"rendered":"https:\/\/www.icgiovannipaoloii.edu.it\/blog\/?p=2113"},"modified":"2025-02-04T22:57:59","modified_gmt":"2025-02-04T22:57:59","slug":"27-gennaio-giornata-della-memoria-scuola-dellinfanzia-fra-andrea-di-giovanni","status":"publish","type":"post","link":"https:\/\/www.icgiovannipaoloii.edu.it\/blog\/infanzia\/27-gennaio-giornata-della-memoria-scuola-dellinfanzia-fra-andrea-di-giovanni\/","title":{"rendered":"27 gennaio &#8211; Giornata della Memoria -Scuola dell&#8217;infanzia fra&#8217; Andrea di Giovanni."},"content":{"rendered":"\n<p class=\"wp-block-paragraph\">Sin da piccoli \u00e8 importante imparare il rispetto per gli altri che va oltre ogni diversit\u00e0, imparando anche dagli errori commessi in passato dall&#8217;uomo. La giornata della memoria ci ha offerto un&#8217;ulteriore spunto di riflessione su questa tematica, ovviamente adeguando il discorso alla comprensione dei pi\u00f9 piccoli.<br>Visto la tenera et\u00e0 e la difficolt\u00e0 a capire un evento cos\u00ec grande e doloroso, abbiamo scelto di raccontare una fiaba  adatta alla loro et\u00e0.<br>Tra le tante storie abbiamo scelto &#8220;Luna, una storia di amore e di separazione&#8221;.<br>La fiaba racconta di Luna, una una gattina che viveva sola, e di Sophie, una bambina dolce che si prende cura di Luna portandola nella sua casa. Un giorno Sophie e la sua famiglia furono portate via lasciando Luna sola.<br>Attraverso gli occhi di Luna, scopriamo l&#8217; amore, la perdita, il dolore della separazione\u2026 \u00c8 un ricordo che ci invita a non dimenticare mai \u2026. proprio come Luna. E scoprire che anche nei momenti pi\u00f9 difficili, c&#8217;\u00e8 sempre qualcuno pronto ad offrire amore e gentilezza. Sophie ci ha insegnato che siamo tutti uguali e Marta, la vecchina che si prese cura di Luna, ci mostra che l&#8217;amore arriva anche quando meno te lo aspetti.<\/p>\n\n\n\n<figure class=\"wp-block-embed is-type-video is-provider-youtube wp-block-embed-youtube wp-embed-aspect-16-9 wp-has-aspect-ratio\"><div class=\"wp-block-embed__wrapper\">\n<iframe loading=\"lazy\" title=\"giornata della memoria infanzia\" width=\"960\" height=\"540\" src=\"https:\/\/www.youtube.com\/embed\/8vr8xGtwQLg?feature=oembed\" frameborder=\"0\" allow=\"accelerometer; autoplay; clipboard-write; encrypted-media; gyroscope; picture-in-picture; web-share\" referrerpolicy=\"strict-origin-when-cross-origin\" allowfullscreen><\/iframe>\n<\/div><\/figure>\n","protected":false},"excerpt":{"rendered":"<p>Sin da piccoli \u00e8 importante imparare il rispetto per gli altri che va oltre ogni diversit\u00e0, imparando anche dagli errori commessi in passato dall&#8217;uomo. La giornata della memoria ci ha offerto un&#8217;ulteriore spunto di riflessione su questa tematica, ovviamente adeguando il discorso alla comprensione dei pi\u00f9 piccoli.Visto la tenera et\u00e0 e la difficolt\u00e0 a capire un evento cos\u00ec grande e doloroso, abbiamo scelto di raccontare una fiaba adatta alla loro et\u00e0.Tra le tante storie abbiamo scelto &#8220;Luna, una storia di amore e di separazione&#8221;.La fiaba racconta di Luna, una una gattina che viveva sola, e di Sophie, una bambina dolce che si prende cura di Luna portandola nella sua casa. Un giorno Sophie e la sua famiglia furono portate via lasciando Luna sola.Attraverso gli occhi di Luna, scopriamo l&#8217; amore, la perdita, il dolore della separazione\u2026 \u00c8 un ricordo che ci invita a non dimenticare mai \u2026. proprio come Luna. E scoprire che anche nei momenti pi\u00f9 difficili, c&#8217;\u00e8 sempre qualcuno pronto ad offrire amore e gentilezza. Sophie ci ha insegnato che siamo tutti uguali e Marta, la vecchina che si prese cura di Luna, ci mostra che l&#8217;amore arriva anche quando meno te lo aspetti.<\/p>\n","protected":false},"author":1,"featured_media":2114,"comment_status":"closed","ping_status":"open","sticky":false,"template":"","format":"standard","meta":{"footnotes":""},"categories":[3],"tags":[107,8],"class_list":["post-2113","post","type-post","status-publish","format-standard","has-post-thumbnail","hentry","category-infanzia","tag-giornata-della-memoria","tag-scuola-dellinfanzia"],"views":136,"_links":{"self":[{"href":"https:\/\/www.icgiovannipaoloii.edu.it\/blog\/wp-json\/wp\/v2\/posts\/2113","targetHints":{"allow":["GET"]}}],"collection":[{"href":"https:\/\/www.icgiovannipaoloii.edu.it\/blog\/wp-json\/wp\/v2\/posts"}],"about":[{"href":"https:\/\/www.icgiovannipaoloii.edu.it\/blog\/wp-json\/wp\/v2\/types\/post"}],"author":[{"embeddable":true,"href":"https:\/\/www.icgiovannipaoloii.edu.it\/blog\/wp-json\/wp\/v2\/users\/1"}],"replies":[{"embeddable":true,"href":"https:\/\/www.icgiovannipaoloii.edu.it\/blog\/wp-json\/wp\/v2\/comments?post=2113"}],"version-history":[{"count":1,"href":"https:\/\/www.icgiovannipaoloii.edu.it\/blog\/wp-json\/wp\/v2\/posts\/2113\/revisions"}],"predecessor-version":[{"id":2115,"href":"https:\/\/www.icgiovannipaoloii.edu.it\/blog\/wp-json\/wp\/v2\/posts\/2113\/revisions\/2115"}],"wp:featuredmedia":[{"embeddable":true,"href":"https:\/\/www.icgiovannipaoloii.edu.it\/blog\/wp-json\/wp\/v2\/media\/2114"}],"wp:attachment":[{"href":"https:\/\/www.icgiovannipaoloii.edu.it\/blog\/wp-json\/wp\/v2\/media?parent=2113"}],"wp:term":[{"taxonomy":"category","embeddable":true,"href":"https:\/\/www.icgiovannipaoloii.edu.it\/blog\/wp-json\/wp\/v2\/categories?post=2113"},{"taxonomy":"post_tag","embeddable":true,"href":"https:\/\/www.icgiovannipaoloii.edu.it\/blog\/wp-json\/wp\/v2\/tags?post=2113"}],"curies":[{"name":"wp","href":"https:\/\/api.w.org\/{rel}","templated":true}]}}