{"id":2183,"date":"2025-03-16T08:38:30","date_gmt":"2025-03-16T08:38:30","guid":{"rendered":"https:\/\/www.icgiovannipaoloii.edu.it\/blog\/?p=2183"},"modified":"2025-03-16T08:38:30","modified_gmt":"2025-03-16T08:38:30","slug":"festa-di-carnevale-allistituto-comprensivo-giovanni-paolo-ii","status":"publish","type":"post","link":"https:\/\/www.icgiovannipaoloii.edu.it\/blog\/primaria\/festa-di-carnevale-allistituto-comprensivo-giovanni-paolo-ii\/","title":{"rendered":"Festa di Carnevale all\u2019Istituto Comprensivo Giovanni Paolo II"},"content":{"rendered":"\n<p class=\"wp-block-paragraph\">Anche quest\u2019anno, l\u2019Istituto Comprensivo Giovanni Paolo II ha celebrato il Carnevale con una giornata all\u2019insegna della creativit\u00e0, del divertimento, della condivisione e della continuit\u00e0 tra i vari ordini di scuola.<\/p>\n\n\n\n<p class=\"wp-block-paragraph\">Le classi terze hanno dato prova del loro talento teatrale, mettendo in scena uno spettacolo coinvolgente che ha incantato il giovane pubblico della scuola dell\u2019infanzia. I piccoli spettatori hanno seguito con entusiasmo la rappresentazione, applaudendo con gioia i loro compagni pi\u00f9 grandi. E&#8217; stato bellissimo vedere l&#8217;impegno degli alunni della primaria per dare il massimo e regalare uno splendido momento agli alunni pi\u00f9 piccoli di loro.<\/p>\n\n\n\n<p class=\"wp-block-paragraph\">Nel corso della giornata poi, tutti gli alunni della scuola primaria dalla prima alla quinta hanno partecipato a giochi motori in palestra, trasformandola in un grande spazio di festa e movimento. Tra percorsi, staffette e attivit\u00e0 ludiche, il divertimento \u00e8 stato assicurato per tutti!<\/p>\n\n\n\n<p class=\"wp-block-paragraph\">Un tocco speciale \u00e8 stato dato dalle splendide maschere realizzate dagli alunni: ogni classe ha creato il proprio travestimento con tema libero, utilizzando materiali semplici o di riciclo. L\u2019originalit\u00e0 e la fantasia dei bambini hanno reso l\u2019atmosfera ancora pi\u00f9 colorata e allegra.<\/p>\n\n\n\n<p class=\"wp-block-paragraph\">Questa festa di Carnevale \u00e8 stata l&#8217;ennesima occasione per stare insieme, esprimere la propria creativit\u00e0 e vivere momenti di spensieratezza, rafforzando il senso di comunit\u00e0 e amicizia tra gli alunni dell\u2019istituto rendendo sempre vivo il nostro motto &#8220;Crescere insieme&#8221;.<\/p>\n\n\n\n<figure class=\"wp-block-embed is-type-video is-provider-youtube wp-block-embed-youtube wp-embed-aspect-16-9 wp-has-aspect-ratio\"><div class=\"wp-block-embed__wrapper\">\n<iframe loading=\"lazy\" title=\"CARNEVALE 2025\" width=\"960\" height=\"540\" src=\"https:\/\/www.youtube.com\/embed\/kwcrKPQsaws?feature=oembed\" frameborder=\"0\" allow=\"accelerometer; autoplay; clipboard-write; encrypted-media; gyroscope; picture-in-picture; web-share\" referrerpolicy=\"strict-origin-when-cross-origin\" allowfullscreen><\/iframe>\n<\/div><\/figure>\n","protected":false},"excerpt":{"rendered":"<p>Anche quest\u2019anno, l\u2019Istituto Comprensivo Giovanni Paolo II ha celebrato il Carnevale con una giornata all\u2019insegna della creativit\u00e0, del divertimento, della condivisione e della continuit\u00e0 tra i vari ordini di scuola. Le classi terze hanno dato prova del loro talento teatrale, mettendo in scena uno spettacolo coinvolgente che ha incantato il giovane pubblico della scuola dell\u2019infanzia. I piccoli spettatori hanno seguito con entusiasmo la rappresentazione, applaudendo con gioia i loro compagni pi\u00f9 grandi. E&#8217; stato bellissimo vedere l&#8217;impegno degli alunni della primaria per dare il massimo e regalare uno splendido momento agli alunni pi\u00f9 piccoli di loro. Nel corso della giornata poi, tutti gli alunni della scuola primaria dalla prima alla quinta hanno partecipato a giochi motori in palestra, trasformandola in un grande spazio di festa e movimento. Tra percorsi, staffette e attivit\u00e0 ludiche, il divertimento \u00e8 stato assicurato per tutti! Un tocco speciale \u00e8 stato dato dalle splendide maschere realizzate dagli alunni: ogni classe ha creato il proprio travestimento con tema libero, utilizzando materiali semplici o di riciclo. L\u2019originalit\u00e0 e la fantasia dei bambini hanno reso l\u2019atmosfera ancora pi\u00f9 colorata e allegra. Questa festa di Carnevale \u00e8 stata l&#8217;ennesima occasione per stare insieme, esprimere la propria creativit\u00e0 e vivere momenti di spensieratezza, rafforzando il senso di comunit\u00e0 e amicizia tra gli alunni dell\u2019istituto rendendo sempre vivo il nostro motto &#8220;Crescere insieme&#8221;.<\/p>\n","protected":false},"author":1,"featured_media":2184,"comment_status":"closed","ping_status":"open","sticky":false,"template":"","format":"standard","meta":{"footnotes":""},"categories":[17,3,2],"tags":[109,103],"class_list":["post-2183","post","type-post","status-publish","format-standard","has-post-thumbnail","hentry","category-continuita","category-infanzia","category-primaria","tag-carnevale","tag-continuita-infanzia-primaria"],"views":557,"_links":{"self":[{"href":"https:\/\/www.icgiovannipaoloii.edu.it\/blog\/wp-json\/wp\/v2\/posts\/2183","targetHints":{"allow":["GET"]}}],"collection":[{"href":"https:\/\/www.icgiovannipaoloii.edu.it\/blog\/wp-json\/wp\/v2\/posts"}],"about":[{"href":"https:\/\/www.icgiovannipaoloii.edu.it\/blog\/wp-json\/wp\/v2\/types\/post"}],"author":[{"embeddable":true,"href":"https:\/\/www.icgiovannipaoloii.edu.it\/blog\/wp-json\/wp\/v2\/users\/1"}],"replies":[{"embeddable":true,"href":"https:\/\/www.icgiovannipaoloii.edu.it\/blog\/wp-json\/wp\/v2\/comments?post=2183"}],"version-history":[{"count":1,"href":"https:\/\/www.icgiovannipaoloii.edu.it\/blog\/wp-json\/wp\/v2\/posts\/2183\/revisions"}],"predecessor-version":[{"id":2185,"href":"https:\/\/www.icgiovannipaoloii.edu.it\/blog\/wp-json\/wp\/v2\/posts\/2183\/revisions\/2185"}],"wp:featuredmedia":[{"embeddable":true,"href":"https:\/\/www.icgiovannipaoloii.edu.it\/blog\/wp-json\/wp\/v2\/media\/2184"}],"wp:attachment":[{"href":"https:\/\/www.icgiovannipaoloii.edu.it\/blog\/wp-json\/wp\/v2\/media?parent=2183"}],"wp:term":[{"taxonomy":"category","embeddable":true,"href":"https:\/\/www.icgiovannipaoloii.edu.it\/blog\/wp-json\/wp\/v2\/categories?post=2183"},{"taxonomy":"post_tag","embeddable":true,"href":"https:\/\/www.icgiovannipaoloii.edu.it\/blog\/wp-json\/wp\/v2\/tags?post=2183"}],"curies":[{"name":"wp","href":"https:\/\/api.w.org\/{rel}","templated":true}]}}