{"id":221,"date":"2021-11-13T23:21:43","date_gmt":"2021-11-13T23:21:43","guid":{"rendered":"https:\/\/www.icgiovannipaoloii.edu.it\/blog\/?p=221"},"modified":"2022-04-01T10:01:39","modified_gmt":"2022-04-01T10:01:39","slug":"columbus-day-2021","status":"publish","type":"post","link":"https:\/\/www.icgiovannipaoloii.edu.it\/blog\/primaria\/columbus-day-2021\/","title":{"rendered":"Columbus day 2021"},"content":{"rendered":"\n<p class=\"wp-block-paragraph\">Il 12 ottobre \u00e8 il giorno dell\u2019arrivo di Cristoforo Colombo nel Nuovo mondo, nel 1942.<\/p>\n\n\n\n<p class=\"wp-block-paragraph\">Cristoforo Colombo \u00e8 sicuramente uno degli italiani pi\u00f9 famosi nel mondo: navigatore genovese, \u00e8 considerato lo scopritore del Nuovo mondo , cio\u00e8 delle Americhe, dove approd\u00f2 il 12 ottobre 1492.<\/p>\n\n\n\n<p class=\"wp-block-paragraph\"><strong><em>Sono passati 529 anni!<\/em><\/strong><\/p>\n\n\n\n<p class=\"wp-block-paragraph\">Questa data \u00e8 considerata cos\u00ec importante che&nbsp;<strong>in tutte le Americhe<\/strong>, ancora oggi,&nbsp; il 12 ottobre si celebra la ricorrenza del&nbsp;<strong>Columbus Day<\/strong>, che si chiama in modi diversi a seconda del paese:&nbsp;in Costa Rica \u00e8 il&nbsp;<em>D\u00eda de las Culturas<\/em>&nbsp;(Giorno delle culture), nelle Bahamas \u00e8 il&nbsp;<em>Discovery Day<\/em>&nbsp;(Giorno della scoperta) ,&nbsp;<em>D\u00eda de la Hispanidad<\/em>&nbsp;(Giorno della Ispanit\u00e0) in Spagna, e il&nbsp;<em>&nbsp;D\u00eda de la Resistencia Ind\u00edgena<\/em>&nbsp;(Giorno della resistenza indigena) in Venezuela.<\/p>\n\n\n\n<p class=\"wp-block-paragraph\">A celebrarlo per la prima volta furono degli immigrati italiani a&nbsp;<strong>San Francisco<\/strong>&nbsp;nel 1869, poi nel 1937 l\u2019allora presidente Franklin D. Roosvelt proclam\u00f2 il&nbsp;<strong>Columbus Day<\/strong>&nbsp;festa nazionale in tutti gli&nbsp;Stati Uniti d\u2019America.<\/p>\n\n\n\n<p class=\"wp-block-paragraph\">Dal 1971, per\u00f2, il giorno in cui cade questa ricorrenza non deve essere per forza il 12 ottobre, ma \u00e8 fissato per&nbsp;<strong>il secondo luned\u00ec<\/strong>&nbsp;di ottobre.<\/p>\n\n\n\n<p class=\"wp-block-paragraph\">Negli Stati Uniti questa festivit\u00e0 \u00e8 molto sentita, soprattutto dagli italo-americani: in questo giorno&nbsp;<strong>gli uffici pubblici sono chiusi<\/strong>&nbsp;e si svolgono&nbsp;<strong>spettacoli caratteristici<\/strong>.&nbsp;<\/p>\n\n\n\n<p class=\"wp-block-paragraph\">&nbsp;Dal 2017 per\u00f2, il consiglio comunale di&nbsp;<strong>Los Angeles<\/strong>,&nbsp; ha deciso di abolire la&nbsp;<strong>festa nazionale<\/strong>&nbsp;dedicata a Cristoforo Colombo, che sar\u00e0 rimpiazzata da una giornata per commemorare \u00able popolazioni indigene, aborigene e&nbsp;native\u00bb vittime del&nbsp;<strong>genocidio&nbsp;<\/strong>compiuto, secondo i tanti sostenitori di questa iniziativa, proprio dal navigatore genovese.<\/p>\n\n\n\n<p class=\"wp-block-paragraph\">Anche in&nbsp;<strong>Italia&nbsp;<\/strong>il&nbsp;12 ottobre&nbsp;\u00e8 la&nbsp;<strong><em>Giornata Nazionale di Cristoforo Colombo<\/em><\/strong>: \u00e8 stata istituita dal&nbsp;<strong>governo<\/strong>&nbsp;<strong>nel 2004<\/strong>&nbsp;per celebrare il ricordo della storica impresa che condusse il&nbsp;navigatore&nbsp;genovese alla scoperta dell\u2019America.<\/p>\n\n\n\n<p class=\"wp-block-paragraph\">Gli alunni della classe VC hanno commemorato il Columbus day costruendo un mini lapbook attraverso il quale \u00e8 stato raccontato il viaggio di Cristoforo Colombo alla volta delle Americhe, in lingua inglese.<\/p>\n\n\n\n<figure class=\"wp-block-embed is-type-video is-provider-youtube wp-block-embed-youtube wp-embed-aspect-16-9 wp-has-aspect-ratio\"><div class=\"wp-block-embed__wrapper\">\n<iframe loading=\"lazy\" title=\"Columbus day\" width=\"960\" height=\"540\" src=\"https:\/\/www.youtube.com\/embed\/yDz-xkz2RPU?feature=oembed\" frameborder=\"0\" allow=\"accelerometer; autoplay; clipboard-write; encrypted-media; gyroscope; picture-in-picture\" allowfullscreen><\/iframe>\n<\/div><\/figure>\n","protected":false},"excerpt":{"rendered":"<p>Il 12 ottobre \u00e8 il giorno dell\u2019arrivo di Cristoforo Colombo nel Nuovo mondo, nel 1942. Cristoforo Colombo \u00e8 sicuramente uno degli italiani pi\u00f9 famosi nel mondo: navigatore genovese, \u00e8 considerato lo scopritore del Nuovo mondo , cio\u00e8 delle Americhe, dove approd\u00f2 il 12 ottobre 1492. Sono passati 529 anni! Questa data \u00e8 considerata cos\u00ec importante che&nbsp;in tutte le Americhe, ancora oggi,&nbsp; il 12 ottobre si celebra la ricorrenza del&nbsp;Columbus Day, che si chiama in modi diversi a seconda del paese:&nbsp;in Costa Rica \u00e8 il&nbsp;D\u00eda de las Culturas&nbsp;(Giorno delle culture), nelle Bahamas \u00e8 il&nbsp;Discovery Day&nbsp;(Giorno della scoperta) ,&nbsp;D\u00eda de la Hispanidad&nbsp;(Giorno della Ispanit\u00e0) in Spagna, e il&nbsp;&nbsp;D\u00eda de la Resistencia Ind\u00edgena&nbsp;(Giorno della resistenza indigena) in Venezuela. A celebrarlo per la prima volta furono degli immigrati italiani a&nbsp;San Francisco&nbsp;nel 1869, poi nel 1937 l\u2019allora presidente Franklin D. Roosvelt proclam\u00f2 il&nbsp;Columbus Day&nbsp;festa nazionale in tutti gli&nbsp;Stati Uniti d\u2019America. Dal 1971, per\u00f2, il giorno in cui cade questa ricorrenza non deve essere per forza il 12 ottobre, ma \u00e8 fissato per&nbsp;il secondo luned\u00ec&nbsp;di ottobre. Negli Stati Uniti questa festivit\u00e0 \u00e8 molto sentita, soprattutto dagli italo-americani: in questo giorno&nbsp;gli uffici pubblici sono chiusi&nbsp;e si svolgono&nbsp;spettacoli caratteristici.&nbsp; &nbsp;Dal 2017 per\u00f2, il consiglio comunale di&nbsp;Los Angeles,&nbsp; ha deciso di abolire la&nbsp;festa nazionale&nbsp;dedicata a Cristoforo Colombo, che sar\u00e0 rimpiazzata da una giornata per commemorare \u00able popolazioni indigene, aborigene e&nbsp;native\u00bb vittime del&nbsp;genocidio&nbsp;compiuto, secondo i tanti sostenitori di questa iniziativa, proprio dal navigatore genovese. Anche in&nbsp;Italia&nbsp;il&nbsp;12 ottobre&nbsp;\u00e8 la&nbsp;Giornata Nazionale di Cristoforo Colombo: \u00e8 stata istituita dal&nbsp;governo&nbsp;nel 2004&nbsp;per celebrare il ricordo della storica impresa che condusse il&nbsp;navigatore&nbsp;genovese alla scoperta dell\u2019America. Gli alunni della classe VC hanno commemorato il Columbus day costruendo un mini lapbook attraverso il quale \u00e8 stato raccontato il viaggio di Cristoforo Colombo alla volta delle Americhe, in lingua inglese.<\/p>\n","protected":false},"author":1,"featured_media":222,"comment_status":"closed","ping_status":"open","sticky":false,"template":"","format":"standard","meta":{"footnotes":""},"categories":[2],"tags":[24,26,25],"class_list":["post-221","post","type-post","status-publish","format-standard","has-post-thumbnail","hentry","category-primaria","tag-columbus-day","tag-lapbook","tag-storia"],"views":1355,"_links":{"self":[{"href":"https:\/\/www.icgiovannipaoloii.edu.it\/blog\/wp-json\/wp\/v2\/posts\/221","targetHints":{"allow":["GET"]}}],"collection":[{"href":"https:\/\/www.icgiovannipaoloii.edu.it\/blog\/wp-json\/wp\/v2\/posts"}],"about":[{"href":"https:\/\/www.icgiovannipaoloii.edu.it\/blog\/wp-json\/wp\/v2\/types\/post"}],"author":[{"embeddable":true,"href":"https:\/\/www.icgiovannipaoloii.edu.it\/blog\/wp-json\/wp\/v2\/users\/1"}],"replies":[{"embeddable":true,"href":"https:\/\/www.icgiovannipaoloii.edu.it\/blog\/wp-json\/wp\/v2\/comments?post=221"}],"version-history":[{"count":2,"href":"https:\/\/www.icgiovannipaoloii.edu.it\/blog\/wp-json\/wp\/v2\/posts\/221\/revisions"}],"predecessor-version":[{"id":386,"href":"https:\/\/www.icgiovannipaoloii.edu.it\/blog\/wp-json\/wp\/v2\/posts\/221\/revisions\/386"}],"wp:featuredmedia":[{"embeddable":true,"href":"https:\/\/www.icgiovannipaoloii.edu.it\/blog\/wp-json\/wp\/v2\/media\/222"}],"wp:attachment":[{"href":"https:\/\/www.icgiovannipaoloii.edu.it\/blog\/wp-json\/wp\/v2\/media?parent=221"}],"wp:term":[{"taxonomy":"category","embeddable":true,"href":"https:\/\/www.icgiovannipaoloii.edu.it\/blog\/wp-json\/wp\/v2\/categories?post=221"},{"taxonomy":"post_tag","embeddable":true,"href":"https:\/\/www.icgiovannipaoloii.edu.it\/blog\/wp-json\/wp\/v2\/tags?post=221"}],"curies":[{"name":"wp","href":"https:\/\/api.w.org\/{rel}","templated":true}]}}