{"id":2331,"date":"2025-07-29T21:17:12","date_gmt":"2025-07-29T21:17:12","guid":{"rendered":"https:\/\/www.icgiovannipaoloii.edu.it\/blog\/?p=2331"},"modified":"2025-07-29T21:17:12","modified_gmt":"2025-07-29T21:17:12","slug":"concerto-del-6-giugno-villages-got-talent","status":"publish","type":"post","link":"https:\/\/www.icgiovannipaoloii.edu.it\/blog\/secondaria1gr\/concerto-del-6-giugno-villages-got-talent\/","title":{"rendered":"Concerto del 6 giugno:&#8221; Village&#8217;s got talent &#8220;"},"content":{"rendered":"\n<p class=\"wp-block-paragraph\">Il 6 giugno, durante l&#8217;intera mattinata, si \u00e8 tenuto il concerto conclusivo legato al progetto Village&#8217;s got talent, presso la Sala adiacente la Chiesa S. Francesco.<\/p>\n\n\n\n<p class=\"wp-block-paragraph\"><br>La manifestazione ha visto protagonisti pi\u00f9 di 70 alunni del nostro IC, precedentemente selezionati per partecipare ai laboratori pomeridiani , che si sono cimentati in performance vocali e strumentali come solisti o in gruppi musicali.<\/p>\n\n\n\n<p class=\"wp-block-paragraph\"><br>Il concerto si \u00e8 articolato in 2 parti, in cui gli studenti si sono completamente autogestiti: ogni classe \u00e8 stata presentata da 2 ragazzi che hanno presentato ed invitato sul palco i vari compagni che davano ragguagli circa l&#8217;esecutore ed il brano proposto.<\/p>\n\n\n\n<p class=\"wp-block-paragraph\"><br>Sono stati cos\u00ec coinvolti tutti gli alunni, dimostrando grande partecipazione, impegno e seriet\u00e0.<br>\u00c8 stata una mattinata all&#8217;insegna della musica, confermando quanto questa possa essere un grande collante sociale, poich\u00e9 consente di superare ogni barriera e diversit\u00e0.<\/p>\n\n\n\n<p class=\"wp-block-paragraph\"><br>Non solo. Attraverso l&#8217;espressione e la liberazione delle emozioni, si \u00e8 visto realizzarsi la funzione catartica della musica, come potente mezzo attraverso cui esprimere ci\u00f2 che proviamo e definire chi siamo.<\/p>\n\n\n\n<p class=\"wp-block-paragraph\"><br>Il video che viene presentato mostra solo una piccola parte di ci\u00f2 che si \u00e8 realizzato: ci scusiamo per chi non \u00e8 presente nella breve registrazione.<\/p>\n\n\n\n<div style=\"height:41px\" aria-hidden=\"true\" class=\"wp-block-spacer\"><\/div>\n\n\n\n<figure class=\"wp-block-embed is-type-video is-provider-youtube wp-block-embed-youtube wp-embed-aspect-16-9 wp-has-aspect-ratio\"><div class=\"wp-block-embed__wrapper\">\n<iframe loading=\"lazy\" title=\"Village s got talent\" width=\"960\" height=\"540\" src=\"https:\/\/www.youtube.com\/embed\/qs5vVBSwQFc?feature=oembed\" frameborder=\"0\" allow=\"accelerometer; autoplay; clipboard-write; encrypted-media; gyroscope; picture-in-picture; web-share\" referrerpolicy=\"strict-origin-when-cross-origin\" allowfullscreen><\/iframe>\n<\/div><\/figure>\n","protected":false},"excerpt":{"rendered":"<p>Il 6 giugno, durante l&#8217;intera mattinata, si \u00e8 tenuto il concerto conclusivo legato al progetto Village&#8217;s got talent, presso la Sala adiacente la Chiesa S. Francesco. La manifestazione ha visto protagonisti pi\u00f9 di 70 alunni del nostro IC, precedentemente selezionati per partecipare ai laboratori pomeridiani , che si sono cimentati in performance vocali e strumentali come solisti o in gruppi musicali. Il concerto si \u00e8 articolato in 2 parti, in cui gli studenti si sono completamente autogestiti: ogni classe \u00e8 stata presentata da 2 ragazzi che hanno presentato ed invitato sul palco i vari compagni che davano ragguagli circa l&#8217;esecutore ed il brano proposto. Sono stati cos\u00ec coinvolti tutti gli alunni, dimostrando grande partecipazione, impegno e seriet\u00e0.\u00c8 stata una mattinata all&#8217;insegna della musica, confermando quanto questa possa essere un grande collante sociale, poich\u00e9 consente di superare ogni barriera e diversit\u00e0. Non solo. Attraverso l&#8217;espressione e la liberazione delle emozioni, si \u00e8 visto realizzarsi la funzione catartica della musica, come potente mezzo attraverso cui esprimere ci\u00f2 che proviamo e definire chi siamo. Il video che viene presentato mostra solo una piccola parte di ci\u00f2 che si \u00e8 realizzato: ci scusiamo per chi non \u00e8 presente nella breve registrazione.<\/p>\n","protected":false},"author":1,"featured_media":2332,"comment_status":"closed","ping_status":"open","sticky":false,"template":"","format":"standard","meta":{"footnotes":""},"categories":[4],"tags":[51,143],"class_list":["post-2331","post","type-post","status-publish","format-standard","has-post-thumbnail","hentry","category-secondaria1gr","tag-educazione-musicale","tag-scuola-secondaria-1gr"],"views":514,"_links":{"self":[{"href":"https:\/\/www.icgiovannipaoloii.edu.it\/blog\/wp-json\/wp\/v2\/posts\/2331","targetHints":{"allow":["GET"]}}],"collection":[{"href":"https:\/\/www.icgiovannipaoloii.edu.it\/blog\/wp-json\/wp\/v2\/posts"}],"about":[{"href":"https:\/\/www.icgiovannipaoloii.edu.it\/blog\/wp-json\/wp\/v2\/types\/post"}],"author":[{"embeddable":true,"href":"https:\/\/www.icgiovannipaoloii.edu.it\/blog\/wp-json\/wp\/v2\/users\/1"}],"replies":[{"embeddable":true,"href":"https:\/\/www.icgiovannipaoloii.edu.it\/blog\/wp-json\/wp\/v2\/comments?post=2331"}],"version-history":[{"count":2,"href":"https:\/\/www.icgiovannipaoloii.edu.it\/blog\/wp-json\/wp\/v2\/posts\/2331\/revisions"}],"predecessor-version":[{"id":2350,"href":"https:\/\/www.icgiovannipaoloii.edu.it\/blog\/wp-json\/wp\/v2\/posts\/2331\/revisions\/2350"}],"wp:featuredmedia":[{"embeddable":true,"href":"https:\/\/www.icgiovannipaoloii.edu.it\/blog\/wp-json\/wp\/v2\/media\/2332"}],"wp:attachment":[{"href":"https:\/\/www.icgiovannipaoloii.edu.it\/blog\/wp-json\/wp\/v2\/media?parent=2331"}],"wp:term":[{"taxonomy":"category","embeddable":true,"href":"https:\/\/www.icgiovannipaoloii.edu.it\/blog\/wp-json\/wp\/v2\/categories?post=2331"},{"taxonomy":"post_tag","embeddable":true,"href":"https:\/\/www.icgiovannipaoloii.edu.it\/blog\/wp-json\/wp\/v2\/tags?post=2331"}],"curies":[{"name":"wp","href":"https:\/\/api.w.org\/{rel}","templated":true}]}}