{"id":930,"date":"2022-06-21T13:42:24","date_gmt":"2022-06-21T13:42:24","guid":{"rendered":"https:\/\/www.icgiovannipaoloii.edu.it\/blog\/?p=930"},"modified":"2022-06-21T13:48:05","modified_gmt":"2022-06-21T13:48:05","slug":"quando-la-maestra-va-in-pensione","status":"publish","type":"post","link":"https:\/\/www.icgiovannipaoloii.edu.it\/blog\/primaria\/quando-la-maestra-va-in-pensione\/","title":{"rendered":"Quando la maestra va in pensione&#8230;"},"content":{"rendered":"\n<p class=\"wp-block-paragraph\">Arriva il giorno in cui una maestra, dopo anni passati a vedere crescere insieme tanti piccoli alunni deve porre fine alla sua attivit\u00e0 in classe, non perch\u00e8 lei lo voglia (una maestra resta maestra per tutta la vita), ma perch\u00e8 lo Stato ritiene sia arrivato il momento per lei di riposarsi.<\/p>\n\n\n\n<p class=\"wp-block-paragraph\">Ed allora arriva anche il momento del saluto degli alunni dell&#8217;ultima ora, dell&#8217;ultima nidiata che la maestra, come una chioccia, ha coccolato e accompagnato per un tratto della loro vita insieme.<\/p>\n\n\n\n<p class=\"wp-block-paragraph\">E&#8217; capitato quest&#8217;anno agli alunni della 2D della Primaria che hanno dovuto salutare la loro maestra Annarita che va in pensione. Hanno realizzato tanti bei contributi e tra una lacrima e un sorriso li hanno raccolti in un breve video.<\/p>\n\n\n\n<figure class=\"wp-block-embed is-type-video is-provider-youtube wp-block-embed-youtube wp-embed-aspect-4-3 wp-has-aspect-ratio\"><div class=\"wp-block-embed__wrapper\">\n<iframe loading=\"lazy\" title=\"Annarita va in pensione\" width=\"960\" height=\"720\" src=\"https:\/\/www.youtube.com\/embed\/MIZMnz64OMk?feature=oembed\" frameborder=\"0\" allow=\"accelerometer; autoplay; clipboard-write; encrypted-media; gyroscope; picture-in-picture\" allowfullscreen><\/iframe>\n<\/div><\/figure>\n","protected":false},"excerpt":{"rendered":"<p>Arriva il giorno in cui una maestra, dopo anni passati a vedere crescere insieme tanti piccoli alunni deve porre fine alla sua attivit\u00e0 in classe, non perch\u00e8 lei lo voglia (una maestra resta maestra per tutta la vita), ma perch\u00e8 lo Stato ritiene sia arrivato il momento per lei di riposarsi. Ed allora arriva anche il momento del saluto degli alunni dell&#8217;ultima ora, dell&#8217;ultima nidiata che la maestra, come una chioccia, ha coccolato e accompagnato per un tratto della loro vita insieme. E&#8217; capitato quest&#8217;anno agli alunni della 2D della Primaria che hanno dovuto salutare la loro maestra Annarita che va in pensione. Hanno realizzato tanti bei contributi e tra una lacrima e un sorriso li hanno raccolti in un breve video.<\/p>\n","protected":false},"author":1,"featured_media":931,"comment_status":"closed","ping_status":"open","sticky":false,"template":"","format":"standard","meta":{"footnotes":""},"categories":[2],"tags":[80,81],"class_list":["post-930","post","type-post","status-publish","format-standard","has-post-thumbnail","hentry","category-primaria","tag-pensione","tag-saluto-alunni"],"views":2156,"_links":{"self":[{"href":"https:\/\/www.icgiovannipaoloii.edu.it\/blog\/wp-json\/wp\/v2\/posts\/930","targetHints":{"allow":["GET"]}}],"collection":[{"href":"https:\/\/www.icgiovannipaoloii.edu.it\/blog\/wp-json\/wp\/v2\/posts"}],"about":[{"href":"https:\/\/www.icgiovannipaoloii.edu.it\/blog\/wp-json\/wp\/v2\/types\/post"}],"author":[{"embeddable":true,"href":"https:\/\/www.icgiovannipaoloii.edu.it\/blog\/wp-json\/wp\/v2\/users\/1"}],"replies":[{"embeddable":true,"href":"https:\/\/www.icgiovannipaoloii.edu.it\/blog\/wp-json\/wp\/v2\/comments?post=930"}],"version-history":[{"count":2,"href":"https:\/\/www.icgiovannipaoloii.edu.it\/blog\/wp-json\/wp\/v2\/posts\/930\/revisions"}],"predecessor-version":[{"id":933,"href":"https:\/\/www.icgiovannipaoloii.edu.it\/blog\/wp-json\/wp\/v2\/posts\/930\/revisions\/933"}],"wp:featuredmedia":[{"embeddable":true,"href":"https:\/\/www.icgiovannipaoloii.edu.it\/blog\/wp-json\/wp\/v2\/media\/931"}],"wp:attachment":[{"href":"https:\/\/www.icgiovannipaoloii.edu.it\/blog\/wp-json\/wp\/v2\/media?parent=930"}],"wp:term":[{"taxonomy":"category","embeddable":true,"href":"https:\/\/www.icgiovannipaoloii.edu.it\/blog\/wp-json\/wp\/v2\/categories?post=930"},{"taxonomy":"post_tag","embeddable":true,"href":"https:\/\/www.icgiovannipaoloii.edu.it\/blog\/wp-json\/wp\/v2\/tags?post=930"}],"curies":[{"name":"wp","href":"https:\/\/api.w.org\/{rel}","templated":true}]}}