{"id":976,"date":"2022-07-15T09:38:36","date_gmt":"2022-07-15T09:38:36","guid":{"rendered":"https:\/\/www.icgiovannipaoloii.edu.it\/blog\/?p=976"},"modified":"2022-07-15T09:38:36","modified_gmt":"2022-07-15T09:38:36","slug":"la-storia-del-nostro-territorio","status":"publish","type":"post","link":"https:\/\/www.icgiovannipaoloii.edu.it\/blog\/secondaria1gr\/la-storia-del-nostro-territorio\/","title":{"rendered":"La storia del nostro territorio"},"content":{"rendered":"\n<p class=\"wp-block-paragraph\">La 3C della scuola secondaria di primo grado si \u00e8 cimentata in un grande lavoro di ricerca per scoprire le antiche radici del nostro quartiere.<\/p>\n\n\n\n<h2 class=\"wp-block-heading\">Acilia<\/h2>\n\n\n\n<p class=\"wp-block-paragraph\"><strong>Acilia<\/strong>\u00a0\u00e8 una borgata ufficiale del comune di Roma. Si trova nell\u2019area sud-ovest del comune, esternamente al Grande Raccordo Anulare. Rientra interamente nel territorio amministrato dal municipio X di Roma.<br>Sorge al km 18-19 della via del Mare tra l&#8217;Eur ed Ostia, divisa in\u00a0<strong>Acilia Nord<\/strong>, estesa tra il fiume Tevere e la via Ostiense ed\u00a0<strong>Acilia Sud<\/strong>, da questa via fino a verso la via Cristoforo Colombo, esternamente al Grande Raccordo Anulare, confinando con Casal Palocco.<br>Fanno parte di Acilia le realt\u00e0 urbane di\u00a0<strong>Dragona, Dragoncello, Villaggio San Francesco, Monti di San Paolo, Case Basse, Centro Giano, Villaggio San Giorgio, Acilia Nuova e Casal Bernocchi.<\/strong><\/p>\n\n\n\n<figure class=\"wp-block-image size-large\"><img loading=\"lazy\" decoding=\"async\" width=\"1024\" height=\"416\" src=\"https:\/\/www.icgiovannipaoloii.edu.it\/blog\/wp-content\/uploads\/2022\/07\/satellite-acilia-1024x416.jpg\" alt=\"immagine satellitare Acilia\" class=\"wp-image-992\" srcset=\"https:\/\/www.icgiovannipaoloii.edu.it\/blog\/wp-content\/uploads\/2022\/07\/satellite-acilia-1024x416.jpg 1024w, https:\/\/www.icgiovannipaoloii.edu.it\/blog\/wp-content\/uploads\/2022\/07\/satellite-acilia-300x122.jpg 300w, https:\/\/www.icgiovannipaoloii.edu.it\/blog\/wp-content\/uploads\/2022\/07\/satellite-acilia-768x312.jpg 768w, https:\/\/www.icgiovannipaoloii.edu.it\/blog\/wp-content\/uploads\/2022\/07\/satellite-acilia-1536x625.jpg 1536w, https:\/\/www.icgiovannipaoloii.edu.it\/blog\/wp-content\/uploads\/2022\/07\/satellite-acilia-1140x464.jpg 1140w, https:\/\/www.icgiovannipaoloii.edu.it\/blog\/wp-content\/uploads\/2022\/07\/satellite-acilia.jpg 1906w\" sizes=\"auto, (max-width: 1024px) 100vw, 1024px\" \/><\/figure>\n\n\n\n<p class=\"wp-block-paragraph\">Il territorio di Acilia fu abitato gi\u00e0 in et\u00e0 preistorica, come reperti trovati confermano. Il primo nucleo urbano di cui si hanno notizie \u00e8 quello della latina\u00a0Ficana, sito abitato sin dalla fine del II millennio a.C.\u00a0Ficana\u00a0fu eretta in cima al Monte\u00a0Cugno, alle cui pendici il Tevere compiva un adiacente giro intorno, permettendo ai\u00a0ficani\u00a0una posizione dominante per il controllo dei traffici sul fiume; per questo scopo i\u00a0ficani\u00a0eressero qui la loro citt\u00e0. Roma per espandersi verso il mare dovette abbattere\u00a0Ficana, distrutta, secondo la tradizione, da Anco Marzio.\u00a0<\/p>\n\n\n<div class=\"wp-block-image\">\n<figure class=\"aligncenter size-full\"><img loading=\"lazy\" decoding=\"async\" width=\"550\" height=\"548\" src=\"https:\/\/www.icgiovannipaoloii.edu.it\/blog\/wp-content\/uploads\/2022\/07\/image-15.png\" alt=\"Ficana, scavi archeologici\" class=\"wp-image-993\" srcset=\"https:\/\/www.icgiovannipaoloii.edu.it\/blog\/wp-content\/uploads\/2022\/07\/image-15.png 550w, https:\/\/www.icgiovannipaoloii.edu.it\/blog\/wp-content\/uploads\/2022\/07\/image-15-300x300.png 300w, https:\/\/www.icgiovannipaoloii.edu.it\/blog\/wp-content\/uploads\/2022\/07\/image-15-150x150.png 150w, https:\/\/www.icgiovannipaoloii.edu.it\/blog\/wp-content\/uploads\/2022\/07\/image-15-75x75.png 75w\" sizes=\"auto, (max-width: 550px) 100vw, 550px\" \/><figcaption>Ficana, scavi archeologici<\/figcaption><\/figure>\n<\/div>\n\n\n<p class=\"wp-block-paragraph\">Territorio ricco di leggenda e storia, Acilia prende il nome dall\u2019antica\u00a0<strong>famiglia romana degli Acilii,<\/strong>\u00a0o gens Acilia, una famiglia di origine plebea dell\u2019antica Roma vissuta in zona che utilizz\u00f2 il territorio di Acilia come possedimento agricolo ricco di ville e propriet\u00e0 terriere e diede il nome all\u2019antica borgata, usata anche come scalo lungo la via Ostiense. <\/p>\n\n\n\n<figure class=\"wp-block-image size-large\"><img loading=\"lazy\" decoding=\"async\" width=\"1024\" height=\"608\" src=\"https:\/\/www.icgiovannipaoloii.edu.it\/blog\/wp-content\/uploads\/2022\/07\/image-1-1024x608.png\" alt=\"Ostia ai tempi dell'antica Roma\" class=\"wp-image-978\" srcset=\"https:\/\/www.icgiovannipaoloii.edu.it\/blog\/wp-content\/uploads\/2022\/07\/image-1-1024x608.png 1024w, https:\/\/www.icgiovannipaoloii.edu.it\/blog\/wp-content\/uploads\/2022\/07\/image-1-300x178.png 300w, https:\/\/www.icgiovannipaoloii.edu.it\/blog\/wp-content\/uploads\/2022\/07\/image-1-768x456.png 768w, https:\/\/www.icgiovannipaoloii.edu.it\/blog\/wp-content\/uploads\/2022\/07\/image-1-1140x677.png 1140w, https:\/\/www.icgiovannipaoloii.edu.it\/blog\/wp-content\/uploads\/2022\/07\/image-1.png 1196w\" sizes=\"auto, (max-width: 1024px) 100vw, 1024px\" \/><\/figure>\n\n\n\n<p class=\"wp-block-paragraph\">Gente ricca e pratica, tribuni del popolo, consoli e legislatori, gli Acilii dominavano il traffico della storica via che collegava Roma allo sbocco sul mare e al suo primo porto. La loro origine antica li port\u00f2 alle massime vette dell\u2019onorificenza e della ricchezza, senza per\u00f2 dimenticare la difesa e i bisogni degli umili e delle masse, anche quando il loro nome figurava vicino a quello degli imperatori. Gli Acilii utilizzarono il territorio come possedimento agricolo. Recenti ritrovamenti archeologici, al lato dell&#8217;antica via Ostiense, hanno riportato alla luce uno scalo di epoca romana utilizzato come luogo di mercato. \u00a0<\/p>\n\n\n\n<figure class=\"wp-block-image size-full\"><img loading=\"lazy\" decoding=\"async\" width=\"906\" height=\"757\" src=\"https:\/\/www.icgiovannipaoloii.edu.it\/blog\/wp-content\/uploads\/2022\/07\/image.png\" alt=\"antica mappa del territorio di Acilia\n\" class=\"wp-image-977\" srcset=\"https:\/\/www.icgiovannipaoloii.edu.it\/blog\/wp-content\/uploads\/2022\/07\/image.png 906w, https:\/\/www.icgiovannipaoloii.edu.it\/blog\/wp-content\/uploads\/2022\/07\/image-300x251.png 300w, https:\/\/www.icgiovannipaoloii.edu.it\/blog\/wp-content\/uploads\/2022\/07\/image-768x642.png 768w\" sizes=\"auto, (max-width: 906px) 100vw, 906px\" \/><\/figure>\n\n\n\n<p class=\"wp-block-paragraph\">La via Ostiense collegava Roma ai porti di Ostia e di Porto e con la via Portuense aveva intenso traffico di merci e passeggeri verso l&#8217;Urbe o viceversa, verso i porti d&#8217;imbarco. Molti personaggi di fama storica passarono per Acilia di allora, tra cui Cleopatra VII, Nerone, Gaio Giulio Cesare, Augusto, Paolo di Tarso durante uno dei suoi viaggi; del suo passaggio rimane la zona di Acilia chiamata ancora Monti di San Paolo. Nel 1950 durante lavori agricoli, fu trovato un pregevole sarcofago romano denominato poi Sarcofago di Acilia.\u00a0<\/p>\n\n\n\n<figure class=\"wp-block-image size-full\"><img loading=\"lazy\" decoding=\"async\" width=\"788\" height=\"569\" src=\"https:\/\/www.icgiovannipaoloii.edu.it\/blog\/wp-content\/uploads\/2022\/07\/image-2.png\" alt=\"Ostia nel medioevo\" class=\"wp-image-979\" srcset=\"https:\/\/www.icgiovannipaoloii.edu.it\/blog\/wp-content\/uploads\/2022\/07\/image-2.png 788w, https:\/\/www.icgiovannipaoloii.edu.it\/blog\/wp-content\/uploads\/2022\/07\/image-2-300x217.png 300w, https:\/\/www.icgiovannipaoloii.edu.it\/blog\/wp-content\/uploads\/2022\/07\/image-2-768x555.png 768w\" sizes=\"auto, (max-width: 788px) 100vw, 788px\" \/><\/figure>\n\n\n\n<p class=\"wp-block-paragraph\"><strong>Nel medioevo<\/strong>, caduta la potenza romana, il traffico sulla via Ostiense rimase abbastanza intenso per via delle saline di Ostia la cui produzione \u00a0restava forse l&#8217;unica fonte di benessere della zona, diventata un ammasso di rovine e palude. Il sale era pagato letteralmente a peso d&#8217;oro e molti erano i briganti che popolavano la zona e la loro presenza \u00a0\u00e8 ricordata dalle zone chiamate ancora\u00a0<strong>&#8220;Ponte ladrone&#8221; e &#8220;Malafede&#8221;.<\/strong><\/p>\n\n\n\n<figure class=\"wp-block-image size-full\"><img loading=\"lazy\" decoding=\"async\" width=\"907\" height=\"653\" src=\"https:\/\/www.icgiovannipaoloii.edu.it\/blog\/wp-content\/uploads\/2022\/07\/image-3.png\" alt=\"Ostie nel medioevo\" class=\"wp-image-980\" srcset=\"https:\/\/www.icgiovannipaoloii.edu.it\/blog\/wp-content\/uploads\/2022\/07\/image-3.png 907w, https:\/\/www.icgiovannipaoloii.edu.it\/blog\/wp-content\/uploads\/2022\/07\/image-3-300x216.png 300w, https:\/\/www.icgiovannipaoloii.edu.it\/blog\/wp-content\/uploads\/2022\/07\/image-3-768x553.png 768w\" sizes=\"auto, (max-width: 907px) 100vw, 907px\" \/><\/figure>\n\n\n\n<p class=\"wp-block-paragraph\">Acilia rinacque tra il secolo XIX e XX a seguito di un\u2019intensa\u00a0<strong>opera di bonifica<\/strong>\u00a0che port\u00f2 alla creazione della cosiddetta Borgata Agreste. La necessit\u00e0 di redimere l\u2019Agro Romano dal degrado e dalla malaria costrinse l\u2019Amministrazione comunale a concretizzare opere di bonificamento agrario attraverso una serie di leggi e la concessione di mutui e sgravi fiscali, con esenzioni, per un ventennio, da qualunque imposta, tassa e dazio. L\u2019aprile del 1912 furono il mese e l\u2019anno di fondazione della prima borgata rurale. Fu per\u00f2 solo con il Fascismo che si affront\u00f2 pienamente la gravissima questione del risanamento terriero e della bonifica agraria; infatti solamente nel biennio 1916-1918 fu costruito il\u00a0<strong>BorgoAcilio,<\/strong>\u00a0che si estendeva su una superficie di circa 36 ettari. Il 20 marzo 1918 arriv\u00f2 la corrente elettrica e nel 1928 ci fu l\u2019apertura della via del Mare, che favor\u00ec lo sviluppo della localit\u00e0. Fino al 20 aprile del 1940, Acilia conserv\u00f2 il modestissimo nome di Borgo. Il giorno successivo, 21 aprile 1940, fu la data ufficiale di nascita della nuova Acilia.<\/p>\n\n\n\n<figure class=\"wp-block-image size-full\"><img loading=\"lazy\" decoding=\"async\" width=\"996\" height=\"713\" src=\"https:\/\/www.icgiovannipaoloii.edu.it\/blog\/wp-content\/uploads\/2022\/07\/image-4.png\" alt=\"La nuova Acilia\" class=\"wp-image-981\" srcset=\"https:\/\/www.icgiovannipaoloii.edu.it\/blog\/wp-content\/uploads\/2022\/07\/image-4.png 996w, https:\/\/www.icgiovannipaoloii.edu.it\/blog\/wp-content\/uploads\/2022\/07\/image-4-300x215.png 300w, https:\/\/www.icgiovannipaoloii.edu.it\/blog\/wp-content\/uploads\/2022\/07\/image-4-768x550.png 768w\" sizes=\"auto, (max-width: 996px) 100vw, 996px\" \/><\/figure>\n\n\n\n<p class=\"wp-block-paragraph\">Il progetto dell&#8217;attuale Acilia fu redatto nel 1939 e terminato dopo 8 mesi con una prima realizzazione nel 1940 a poche settimane dall&#8217;ingresso dell&#8217;Italia nella seconda guerra mondiale. Il governo fascista, su interessamento della principessa Iolanda Margherita di Savoia, decise di dare un alloggio alle famiglie numerose e pi\u00f9 indigenti di Roma. Erano stati compiuti i famosi sventramenti in centro citt\u00e0 per cui molte famiglie furono collocate nelle borgate ufficiali volute dal regime, ma non fu questo il caso di Acilia, in quanto quest&#8217;ultima sorse anni dopo tali sventramenti.&nbsp;<\/p>\n\n\n\n<p class=\"wp-block-paragraph\">Furono lottizzati i terreni intorno alla via del Mare, all&#8217;altezza di Borgo Acilio, in frazioni di circa 1000 metri ciascuna e attraverso uno&nbsp;schema di vie a reticolo ortogonale, furono collegate tra loro.&nbsp;<\/p>\n\n\n\n<p class=\"wp-block-paragraph\">Per le case fu eseguito il progetto che prevedeva l&#8217;uso preponderante di un materiale di costruzione assai economico, il &#8220;Populit&#8221;, un materiale costituito da una specie di grossa paglia in fibra di legno pressata e compattata con una velatura di cemento, ideato durante la precedente Autarchia dall&#8217;ingegnere svizzero Dario Pater, amico personale di Mussolini.<\/p>\n\n\n\n<p class=\"wp-block-paragraph\">Erano a pigione bassa di circa 90 lire al mese. Il contratto d&#8217;affitto non prevedeva il passaggio in propriet\u00e0; se le autorit\u00e0 riscontravano da parte del locatario un diverso uso e destinazione del terreno o della casa, che non fosse l&#8217;uso personale abitativo o per grave inosservanza delle varie clausole sulla buona tenuta dell&#8217;abitazione, il contratto veniva rescisso. Queste casette &#8220;rapide&#8221;, antesignane dei moderni prefabbricati, dovevano durare qualche anno ma molte esistono ancora oggi, dopo 75 anni.<\/p>\n\n\n\n<figure class=\"wp-block-image size-full\"><img loading=\"lazy\" decoding=\"async\" width=\"911\" height=\"575\" src=\"https:\/\/www.icgiovannipaoloii.edu.it\/blog\/wp-content\/uploads\/2022\/07\/image-5.png\" alt=\"La nuova Acilia\" class=\"wp-image-982\" srcset=\"https:\/\/www.icgiovannipaoloii.edu.it\/blog\/wp-content\/uploads\/2022\/07\/image-5.png 911w, https:\/\/www.icgiovannipaoloii.edu.it\/blog\/wp-content\/uploads\/2022\/07\/image-5-300x189.png 300w, https:\/\/www.icgiovannipaoloii.edu.it\/blog\/wp-content\/uploads\/2022\/07\/image-5-768x485.png 768w\" sizes=\"auto, (max-width: 911px) 100vw, 911px\" \/><\/figure>\n\n\n\n<h2 class=\"wp-block-heading\">Dragona e Dragoncello<\/h2>\n\n\n\n<p class=\"wp-block-paragraph\">Gi\u00e0 abitata in epoca romana, la zona fu chiamata&nbsp;<strong>Curtis <\/strong><strong>Draconis<\/strong><strong> da papa Gregorio IV<\/strong>&nbsp;(827-844) per la presenza di grossi rettili colubridi, detti &#8220;draconi&#8221; dai locali.<\/p>\n\n\n\n<p class=\"wp-block-paragraph\">Nella Curtis Draconis papa Gregorio IV costru\u00ec per s\u00e9 una splendida villa di campagna.&nbsp;Dragone dunque era il nome comune di tutto il tratto dell&#8217;Agro Romano, fra il Tevere, a partire dal Fosso di Malafede, ed il territorio di Ostia (Saline), durante i secoli XI, XII e XIII.<\/p>\n\n\n\n<p class=\"wp-block-paragraph\">In epoca medioevale il Fundus Draconis fu suddiviso in due parti:\u00a0<strong>&#8220;Dragoni&#8221; e &#8220;Dragoncello&#8221;.<br>Dal XVI secolo &#8220;Dragoni&#8221; divenne propriet\u00e0 dei marchesi Paluzzi Albertoni e verso la fine del XVII secolo la tenuta pass\u00f2 ai principi Altieri.\u00a0Alla fine del XIX secolo Antonio Corsetti la acquist\u00f2 dai principi Altieri e la tenuta fu divisa tra i due figli: Carlo ebbe la parte verso il Tevere e Francesco quella verso via dei Romagnoli. Dalla vendita e lottizzazione di quest&#8217;ultima parte della tenuta, sorse spontaneamente l&#8217;attuale quartiere.<\/strong><\/p>\n\n\n\n<figure class=\"wp-block-image size-full\"><img loading=\"lazy\" decoding=\"async\" width=\"910\" height=\"688\" src=\"https:\/\/www.icgiovannipaoloii.edu.it\/blog\/wp-content\/uploads\/2022\/07\/image-6.png\" alt=\"Mappa tenuta di Dracone\" class=\"wp-image-983\" srcset=\"https:\/\/www.icgiovannipaoloii.edu.it\/blog\/wp-content\/uploads\/2022\/07\/image-6.png 910w, https:\/\/www.icgiovannipaoloii.edu.it\/blog\/wp-content\/uploads\/2022\/07\/image-6-300x227.png 300w, https:\/\/www.icgiovannipaoloii.edu.it\/blog\/wp-content\/uploads\/2022\/07\/image-6-768x581.png 768w\" sizes=\"auto, (max-width: 910px) 100vw, 910px\" \/><\/figure>\n\n\n\n<p class=\"wp-block-paragraph\">L&#8217; altura di casale Dragoncello, dove esisteva una piccola raccolta di materiale archeologico fino a pochi anni fa, \u00e8 stata erroneamente ritenuta la sede dell&#8217;antica citt\u00e0 latina di\u00a0Ficana\u00a0fino agli anni &#8217;70 dello scorso secolo. Nel 1971 la brillante ricercatrice prof. Stefanella Gigli ha correttamente identificato nella collina di Monte\u00a0Cugno\u00a0(Monti di San Paolo), distante circa 1,5 km da Dragoncello, il sito della citt\u00e0 latina distrutta dal re Anco Marzio durante la prima espansione di Roma verso il mare, culminata nella fondazione di Ostia. Negli anni\u00a080,a\u00a0Monte\u00a0Cugno\u00a0Ci furono dei lavori archeologici,\u00a0sostenuti\u00a0 dalla\u00a0Regina d&#8217;Olanda in\u00a0persona. Furono rinvenuti diversi\u00a0reperti, ma non\u00a0e&#8217;\u00a0rimasto nulla di\u00a0Ficana che, fondata sicuramente prima di Roma, non ebbe la fortuna di avete un&#8217;isola Tiberina che le permettesse di superare il fiume, allora molto pi\u00f9 ricco di acque di oggi. Sulla sponda dove oggi c&#8217;\u00e8 Ponte\u00a0Galeria\u00a0 c&#8217;erano\u00a0gli Etruschi. Virgilio nell&#8217;Eneide descrive la foce del Tevere e secondo alcuni studiosi sembra proprio che Enea, fuggito\u00a0da\u00a0 Troia\u00a0sia sbarcato proprio dove c&#8217;era\u00a0Ficana.\u00a0\u00a0<\/p>\n\n\n\n<h2 class=\"wp-block-heading\">Villaggio San Francesco<\/h2>\n\n\n\n<figure class=\"wp-block-image size-full\"><img loading=\"lazy\" decoding=\"async\" width=\"772\" height=\"555\" src=\"https:\/\/www.icgiovannipaoloii.edu.it\/blog\/wp-content\/uploads\/2022\/07\/image-7.png\" alt=\"Cartolina d'epoca del villaggio S. Francesco\" class=\"wp-image-984\" srcset=\"https:\/\/www.icgiovannipaoloii.edu.it\/blog\/wp-content\/uploads\/2022\/07\/image-7.png 772w, https:\/\/www.icgiovannipaoloii.edu.it\/blog\/wp-content\/uploads\/2022\/07\/image-7-300x216.png 300w, https:\/\/www.icgiovannipaoloii.edu.it\/blog\/wp-content\/uploads\/2022\/07\/image-7-768x552.png 768w\" sizes=\"auto, (max-width: 772px) 100vw, 772px\" \/><\/figure>\n\n\n\n<p class=\"wp-block-paragraph\">Sulla destra della via del Mare, su un terreno ceduto dal Comune, venne realizzato Il Villaggio su iniziativa della delegazione italiana dell\u2019&nbsp;<strong>UNRRA-CASAS<\/strong>&nbsp;(Comitato amministrativo soccorso ai senzatetto), ente edilizio parastatale, presieduto da Ludovico Montini, fratello del futuro pontefice Paolo IV, che riusc\u00ec ad ottenere gli aiuti dell\u2019organizzazione statunitense per progetti edilizi a vantaggio dei senza tetto. Fu finanziato anche con una donazione vaticana decisa da Pio XII.<br>Nel 1948 si costitu\u00ec il&nbsp;<strong>Comitato<\/strong><strong> Romano <\/strong><strong>Villaggio<\/strong><strong> san Francesco<\/strong>, ad opera di noti professionisti romani che gratuitamente di prestarono e il 4 ottobre del 1949, giorno della festa di San francesco, vennero assegnati i primi 30 alloggi, destinati principalmente ai sinistrati dei bombardamenti del luglio del 1943.<\/p>\n\n\n\n<p class=\"wp-block-paragraph\">Allo scopo di aiutare gli abitanti a trovar lavoro, sorsero la&nbsp;<strong>Sarma<\/strong>, che fabbricava mattonelle di mosaici per piscine e bagni, la&nbsp;<strong>Saffa<\/strong>&nbsp;che produceva fiammiferi e la&nbsp;<strong>Dorica<\/strong>&nbsp;che produceva inchiostro.<\/p>\n\n\n\n<p class=\"wp-block-paragraph\">Il film \u201c<strong>Le notti di Cabiria<\/strong>\u201d di\u00a0<strong>Fellini<\/strong>\u00a0, \u00e8 ambientato in gran parte nel territorio del Villaggio dove viveva la protagonista Cabiria ed \u00e8 un documento interessante per la storia del quartiere.<\/p>\n\n\n\n<figure class=\"wp-block-image size-full\"><img loading=\"lazy\" decoding=\"async\" width=\"709\" height=\"532\" src=\"https:\/\/www.icgiovannipaoloii.edu.it\/blog\/wp-content\/uploads\/2022\/07\/image-8.png\" alt=\"edificazione quartiere san Francesco\" class=\"wp-image-985\" srcset=\"https:\/\/www.icgiovannipaoloii.edu.it\/blog\/wp-content\/uploads\/2022\/07\/image-8.png 709w, https:\/\/www.icgiovannipaoloii.edu.it\/blog\/wp-content\/uploads\/2022\/07\/image-8-300x225.png 300w\" sizes=\"auto, (max-width: 709px) 100vw, 709px\" \/><\/figure>\n\n\n\n<p class=\"wp-block-paragraph\">Le &#8220;Casette Pater&#8221;, che furono costruite nel Villaggio,\u00a0 erano casette bifamiliari su un unico piano, realizzate con pannelli rettangolari di\u00a0&#8220;Populit&#8221;, la fibra di legno pressata e cementata, formanti i muri perimetrali; il solaio era costruito con\u00a0travature complesse\u00a0sostenenti un tetto di tegole a spiovente, tutte uguali e tutte dotate di oltre 1.000 m\u00b2 di terreno di pertinenza, per lo pi\u00f9 usato\u00a0ad orto\/giardino. Erano prive, in origine, di portico, terrazzi, box, soffitte e cantine (non avevano nemmeno le fondamenta).<\/p>\n\n\n\n<p class=\"wp-block-paragraph\">Gli appartamenti erano\u00a0\u00a0formati da salone, angolo cottura, un piccolo bagno, dotato solo di un vaso WC e piccolo lavandino e due camere, una grande ed una piccola; anche il terreno veniva diviso a met\u00e0 per la cura degli orti che numerosissimi crebbero in seguito; l&#8217;acqua era a forfait, un grande cassone posto in alto in ciascun bagno raccoglieva continuamente acqua erogata razionata da una chiavetta bollata non regolabile; per irrigare l&#8217;orto si scavarono pozzi azionati da pompe idrauliche a mano.\u00a0<\/p>\n\n\n\n<figure class=\"wp-block-image size-full\"><img loading=\"lazy\" decoding=\"async\" width=\"865\" height=\"646\" src=\"https:\/\/www.icgiovannipaoloii.edu.it\/blog\/wp-content\/uploads\/2022\/07\/image-10.png\" alt=\"cantiere\" class=\"wp-image-987\" srcset=\"https:\/\/www.icgiovannipaoloii.edu.it\/blog\/wp-content\/uploads\/2022\/07\/image-10.png 865w, https:\/\/www.icgiovannipaoloii.edu.it\/blog\/wp-content\/uploads\/2022\/07\/image-10-300x224.png 300w, https:\/\/www.icgiovannipaoloii.edu.it\/blog\/wp-content\/uploads\/2022\/07\/image-10-768x574.png 768w\" sizes=\"auto, (max-width: 865px) 100vw, 865px\" \/><\/figure>\n\n\n\n<p class=\"wp-block-paragraph\">Le casette dovevano essere abitate da due famiglie diverse ma, visto il grande numero di componenti di ciascuna, il governo fascista decise di dare una casa a famiglia. Paradossalmente ogni famiglia, pur sotto lo stesso tetto, viveva in due appartamenti separati, con due ingressi principali, due cucine, due saloni ma ben 4 camere e due bagni ed un terreno di 1000 m\u00b2.&nbsp;<\/p>\n\n\n\n<p class=\"wp-block-paragraph\">I traslochi della mobilia e delle masserizie degli assegnatari furono effettuati gratuitamente su autocarri del Governatorato di Roma, che si occup\u00f2 persino della fornitura delle lampadine elettriche. I primi abitatori di Acilia sembravano pi\u00f9 coloni che inquilini. La zona scelta per l&#8217;insediamento era umida, fredda, sabbiosa e desolata, non certo adatta alla salute di chi ci viveva; ma forse una casa con bagno molte famiglie ancora non l&#8217;avevano mai avuta.&nbsp;<\/p>\n\n\n\n<figure class=\"wp-block-image size-large\"><img loading=\"lazy\" decoding=\"async\" width=\"1024\" height=\"513\" src=\"https:\/\/www.icgiovannipaoloii.edu.it\/blog\/wp-content\/uploads\/2022\/07\/image-9-1024x513.png\" alt=\"\" class=\"wp-image-986\" srcset=\"https:\/\/www.icgiovannipaoloii.edu.it\/blog\/wp-content\/uploads\/2022\/07\/image-9-1024x513.png 1024w, https:\/\/www.icgiovannipaoloii.edu.it\/blog\/wp-content\/uploads\/2022\/07\/image-9-300x150.png 300w, https:\/\/www.icgiovannipaoloii.edu.it\/blog\/wp-content\/uploads\/2022\/07\/image-9-768x385.png 768w, https:\/\/www.icgiovannipaoloii.edu.it\/blog\/wp-content\/uploads\/2022\/07\/image-9-1536x769.png 1536w, https:\/\/www.icgiovannipaoloii.edu.it\/blog\/wp-content\/uploads\/2022\/07\/image-9-1080x540.png 1080w, https:\/\/www.icgiovannipaoloii.edu.it\/blog\/wp-content\/uploads\/2022\/07\/image-9-1140x571.png 1140w, https:\/\/www.icgiovannipaoloii.edu.it\/blog\/wp-content\/uploads\/2022\/07\/image-9.png 1605w\" sizes=\"auto, (max-width: 1024px) 100vw, 1024px\" \/><\/figure>\n\n\n\n<p class=\"wp-block-paragraph\">Il &#8220;centro commerciale&#8221; di allora, era la zona dei Monti di San Paolo, dov&#8217;era l&#8217;osteria, la Chiesa della Sacra Famiglia, completa di campanile anch&#8217;essa in fibra di legno pressata, un porticato con un bar e qualche negozietto di alimentari e merce varia, il tutto intorno ad una piazzetta, piazzetta che nel dopoguerra fu intitolata a Lido Duranti, martire\u00a0aciliano\u00a0delle Fosse Ardeatine.\u00a0<\/p>\n\n\n\n<figure class=\"wp-block-image size-large\"><img loading=\"lazy\" decoding=\"async\" width=\"1024\" height=\"489\" src=\"https:\/\/www.icgiovannipaoloii.edu.it\/blog\/wp-content\/uploads\/2022\/07\/image-12-1024x489.png\" alt=\"\" class=\"wp-image-989\" srcset=\"https:\/\/www.icgiovannipaoloii.edu.it\/blog\/wp-content\/uploads\/2022\/07\/image-12-1024x489.png 1024w, https:\/\/www.icgiovannipaoloii.edu.it\/blog\/wp-content\/uploads\/2022\/07\/image-12-300x143.png 300w, https:\/\/www.icgiovannipaoloii.edu.it\/blog\/wp-content\/uploads\/2022\/07\/image-12-768x367.png 768w, https:\/\/www.icgiovannipaoloii.edu.it\/blog\/wp-content\/uploads\/2022\/07\/image-12.png 1125w\" sizes=\"auto, (max-width: 1024px) 100vw, 1024px\" \/><\/figure>\n\n\n\n<p class=\"wp-block-paragraph\">La zona al di l\u00e0 della ferrovia era collegata da un tornante per i pedoni e le macchine, il &#8220;Ponte di Acilia&#8221; che scavalcava la Via del Mare con un lungo arco decorato con tondi di fasci littori; da qui si scendeva per arrivare alla stazione di Acilia oppure pi\u00f9 avanti si attraversava il ponte sulla ferrovia e si era ad &#8220;Acilia vecchia&#8221; quella del Borgo Acilio, formata dalla Casa del Fascio, le scuole elementari inaugurate il 27 ottobre 1929, il presidio medico, qualche casa e pi\u00f9 avanti dalla chiesa di san Leonardo da Porto Maurizio, inaugurata il 7 novembre del 1936.\u00a0<\/p>\n\n\n\n<figure class=\"wp-block-image size-full\"><img loading=\"lazy\" decoding=\"async\" width=\"662\" height=\"492\" src=\"https:\/\/www.icgiovannipaoloii.edu.it\/blog\/wp-content\/uploads\/2022\/07\/image-11.png\" alt=\"sovrappasso ferroviario\" class=\"wp-image-988\" srcset=\"https:\/\/www.icgiovannipaoloii.edu.it\/blog\/wp-content\/uploads\/2022\/07\/image-11.png 662w, https:\/\/www.icgiovannipaoloii.edu.it\/blog\/wp-content\/uploads\/2022\/07\/image-11-300x223.png 300w\" sizes=\"auto, (max-width: 662px) 100vw, 662px\" \/><\/figure>\n\n\n\n<p class=\"wp-block-paragraph\">Pomposamente, com&#8217;era nello stile della propaganda fascista, Acilia fu inserita nella collana &#8220;Le citt\u00e0 di Mussolini&#8221; con un piccolo libro, illustrato con diverse fotografie. In queste foto si mostrava la famiglia-tipo di Acilia mentre coltivava l&#8217;orto, desinava e passeggiava sui nuovi viali della borgata; per quelle foto ai giornalisti, la famiglia aveva indossato gli abiti pi\u00f9 decorosi che possedeva: si vedevano signore a pranzo con il vestito da sera di festa, uomini che coltivavano l&#8217;orto con il vestito del matrimonio e ragazzi che giocavano con il vestito della Prima Comunione. I giornalisti scrissero che quello che stupiva di Acilia era l&#8217;estrema povert\u00e0 dei suoi abitanti.\u00a0<\/p>\n\n\n\n<figure class=\"wp-block-image size-large\"><img loading=\"lazy\" decoding=\"async\" width=\"1024\" height=\"574\" src=\"https:\/\/www.icgiovannipaoloii.edu.it\/blog\/wp-content\/uploads\/2022\/07\/image-14-1024x574.png\" alt=\"\" class=\"wp-image-991\" srcset=\"https:\/\/www.icgiovannipaoloii.edu.it\/blog\/wp-content\/uploads\/2022\/07\/image-14-1024x574.png 1024w, https:\/\/www.icgiovannipaoloii.edu.it\/blog\/wp-content\/uploads\/2022\/07\/image-14-300x168.png 300w, https:\/\/www.icgiovannipaoloii.edu.it\/blog\/wp-content\/uploads\/2022\/07\/image-14-768x431.png 768w, https:\/\/www.icgiovannipaoloii.edu.it\/blog\/wp-content\/uploads\/2022\/07\/image-14-1140x640.png 1140w, https:\/\/www.icgiovannipaoloii.edu.it\/blog\/wp-content\/uploads\/2022\/07\/image-14.png 1369w\" sizes=\"auto, (max-width: 1024px) 100vw, 1024px\" \/><\/figure>\n\n\n\n<p class=\"wp-block-paragraph\"><em>Il 28 ottobre 1928 fu aperta la seconda autostrada al mondo, dopo la Milano-Laghi, la Roma-Ostia o pi\u00f9 conosciuta come &#8220;Via del Mare&#8221;. Questa autostrada partiva dal &#8220;Teatro di Marcello&#8221; a Roma e univa simbolicamente il Campidoglio con il Mar Tirreno. Questa autostrada attraversa e divide in due Acilia come del resto fa la ferrovia Roma-Ostia di costruzione precedente, che insieme alla via Ostiense le scorrono parallele.<\/em><\/p>\n\n\n\n<figure class=\"wp-block-image size-large\"><img loading=\"lazy\" decoding=\"async\" width=\"1024\" height=\"512\" src=\"https:\/\/www.icgiovannipaoloii.edu.it\/blog\/wp-content\/uploads\/2022\/07\/image-13-1024x512.png\" alt=\"\" class=\"wp-image-990\" srcset=\"https:\/\/www.icgiovannipaoloii.edu.it\/blog\/wp-content\/uploads\/2022\/07\/image-13-1024x512.png 1024w, https:\/\/www.icgiovannipaoloii.edu.it\/blog\/wp-content\/uploads\/2022\/07\/image-13-300x150.png 300w, https:\/\/www.icgiovannipaoloii.edu.it\/blog\/wp-content\/uploads\/2022\/07\/image-13-768x384.png 768w, https:\/\/www.icgiovannipaoloii.edu.it\/blog\/wp-content\/uploads\/2022\/07\/image-13-1080x540.png 1080w, https:\/\/www.icgiovannipaoloii.edu.it\/blog\/wp-content\/uploads\/2022\/07\/image-13-1140x570.png 1140w, https:\/\/www.icgiovannipaoloii.edu.it\/blog\/wp-content\/uploads\/2022\/07\/image-13.png 1203w\" sizes=\"auto, (max-width: 1024px) 100vw, 1024px\" \/><\/figure>\n","protected":false},"excerpt":{"rendered":"<p>La 3C della scuola secondaria di primo grado si \u00e8 cimentata in un grande lavoro di ricerca per scoprire le antiche radici del nostro quartiere. Acilia Acilia\u00a0\u00e8 una borgata ufficiale del comune di Roma. Si trova nell\u2019area sud-ovest del comune, esternamente al Grande Raccordo Anulare. Rientra interamente nel territorio amministrato dal municipio X di Roma.Sorge al km 18-19 della via del Mare tra l&#8217;Eur ed Ostia, divisa in\u00a0Acilia Nord, estesa tra il fiume Tevere e la via Ostiense ed\u00a0Acilia Sud, da questa via fino a verso la via Cristoforo Colombo, esternamente al Grande Raccordo Anulare, confinando con Casal Palocco.Fanno parte di Acilia le realt\u00e0 urbane di\u00a0Dragona, Dragoncello, Villaggio San Francesco, Monti di San Paolo, Case Basse, Centro Giano, Villaggio San Giorgio, Acilia Nuova e Casal Bernocchi. Il territorio di Acilia fu abitato gi\u00e0 in et\u00e0 preistorica, come reperti trovati confermano. Il primo nucleo urbano di cui si hanno notizie \u00e8 quello della latina\u00a0Ficana, sito abitato sin dalla fine del II millennio a.C.\u00a0Ficana\u00a0fu eretta in cima al Monte\u00a0Cugno, alle cui pendici il Tevere compiva un adiacente giro intorno, permettendo ai\u00a0ficani\u00a0una posizione dominante per il controllo dei traffici sul fiume; per questo scopo i\u00a0ficani\u00a0eressero qui la loro citt\u00e0. Roma per espandersi verso il mare dovette abbattere\u00a0Ficana, distrutta, secondo la tradizione, da Anco Marzio.\u00a0 Territorio ricco di leggenda e storia, Acilia prende il nome dall\u2019antica\u00a0famiglia romana degli Acilii,\u00a0o gens Acilia, una famiglia di origine plebea dell\u2019antica Roma vissuta in zona che utilizz\u00f2 il territorio di Acilia come possedimento agricolo ricco di ville e propriet\u00e0 terriere e diede il nome all\u2019antica borgata, usata anche come scalo lungo la via Ostiense. Gente ricca e pratica, tribuni del popolo, consoli e legislatori, gli Acilii dominavano il traffico della storica via che collegava Roma allo sbocco sul mare e al suo primo porto. La loro origine antica li port\u00f2 alle massime vette dell\u2019onorificenza e della ricchezza, senza per\u00f2 dimenticare la difesa e i bisogni degli umili e delle masse, anche quando il loro nome figurava vicino a quello degli imperatori. Gli Acilii utilizzarono il territorio come possedimento agricolo. Recenti ritrovamenti archeologici, al lato dell&#8217;antica via Ostiense, hanno riportato alla luce uno scalo di epoca romana utilizzato come luogo di mercato. \u00a0 La via Ostiense collegava Roma ai porti di Ostia e di Porto e con la via Portuense aveva intenso traffico di merci e passeggeri verso l&#8217;Urbe o viceversa, verso i porti d&#8217;imbarco. Molti personaggi di fama storica passarono per Acilia di allora, tra cui Cleopatra VII, Nerone, Gaio Giulio Cesare, Augusto, Paolo di Tarso durante uno dei suoi viaggi; del suo passaggio rimane la zona di Acilia chiamata ancora Monti di San Paolo. Nel 1950 durante lavori agricoli, fu trovato un pregevole sarcofago romano denominato poi Sarcofago di Acilia.\u00a0 Nel medioevo, caduta la potenza romana, il traffico sulla via Ostiense rimase abbastanza intenso per via delle saline di Ostia la cui produzione \u00a0restava forse l&#8217;unica fonte di benessere della zona, diventata un ammasso di rovine e palude. Il sale era pagato letteralmente a peso d&#8217;oro e molti erano i briganti che popolavano la zona e la loro presenza \u00a0\u00e8 ricordata dalle zone chiamate ancora\u00a0&#8220;Ponte ladrone&#8221; e &#8220;Malafede&#8221;. Acilia rinacque tra il secolo XIX e XX a seguito di un\u2019intensa\u00a0opera di bonifica\u00a0che port\u00f2 alla creazione della cosiddetta Borgata Agreste. La necessit\u00e0 di redimere l\u2019Agro Romano dal degrado e dalla malaria costrinse l\u2019Amministrazione comunale a concretizzare opere di bonificamento agrario attraverso una serie di leggi e la concessione di mutui e sgravi fiscali, con esenzioni, per un ventennio, da qualunque imposta, tassa e dazio. L\u2019aprile del 1912 furono il mese e l\u2019anno di fondazione della prima borgata rurale. Fu per\u00f2 solo con il Fascismo che si affront\u00f2 pienamente la gravissima questione del risanamento terriero e della bonifica agraria; infatti solamente nel biennio 1916-1918 fu costruito il\u00a0BorgoAcilio,\u00a0che si estendeva su una superficie di circa 36 ettari. Il 20 marzo 1918 arriv\u00f2 la corrente elettrica e nel 1928 ci fu l\u2019apertura della via del Mare, che favor\u00ec lo sviluppo della localit\u00e0. Fino al 20 aprile del 1940, Acilia conserv\u00f2 il modestissimo nome di Borgo. Il giorno successivo, 21 aprile 1940, fu la data ufficiale di nascita della nuova Acilia. Il progetto dell&#8217;attuale Acilia fu redatto nel 1939 e terminato dopo 8 mesi con una prima realizzazione nel 1940 a poche settimane dall&#8217;ingresso dell&#8217;Italia nella seconda guerra mondiale. Il governo fascista, su interessamento della principessa Iolanda Margherita di Savoia, decise di dare un alloggio alle famiglie numerose e pi\u00f9 indigenti di Roma. Erano stati compiuti i famosi sventramenti in centro citt\u00e0 per cui molte famiglie furono collocate nelle borgate ufficiali volute dal regime, ma non fu questo il caso di Acilia, in quanto quest&#8217;ultima sorse anni dopo tali sventramenti.&nbsp; Furono lottizzati i terreni intorno alla via del Mare, all&#8217;altezza di Borgo Acilio, in frazioni di circa 1000 metri ciascuna e attraverso uno&nbsp;schema di vie a reticolo ortogonale, furono collegate tra loro.&nbsp; Per le case fu eseguito il progetto che prevedeva l&#8217;uso preponderante di un materiale di costruzione assai economico, il &#8220;Populit&#8221;, un materiale costituito da una specie di grossa paglia in fibra di legno pressata e compattata con una velatura di cemento, ideato durante la precedente Autarchia dall&#8217;ingegnere svizzero Dario Pater, amico personale di Mussolini. Erano a pigione bassa di circa 90 lire al mese. Il contratto d&#8217;affitto non prevedeva il passaggio in propriet\u00e0; se le autorit\u00e0 riscontravano da parte del locatario un diverso uso e destinazione del terreno o della casa, che non fosse l&#8217;uso personale abitativo o per grave inosservanza delle varie clausole sulla buona tenuta dell&#8217;abitazione, il contratto veniva rescisso. Queste casette &#8220;rapide&#8221;, antesignane dei moderni prefabbricati, dovevano durare qualche anno ma molte esistono ancora oggi, dopo 75 anni. Dragona e Dragoncello Gi\u00e0 abitata in epoca romana, la zona fu chiamata&nbsp;Curtis Draconis da papa Gregorio IV&nbsp;(827-844) per la presenza di grossi rettili colubridi, detti &#8220;draconi&#8221; dai locali. Nella Curtis Draconis papa Gregorio IV costru\u00ec per s\u00e9 una splendida villa di campagna.&nbsp;Dragone dunque era il nome comune di tutto il tratto dell&#8217;Agro Romano, fra il Tevere, a partire dal Fosso di Malafede, ed il territorio di Ostia (Saline), durante i secoli XI, XII e XIII. In epoca medioevale il Fundus Draconis fu suddiviso in due parti:\u00a0&#8220;Dragoni&#8221; e &#8220;Dragoncello&#8221;.Dal XVI secolo &#8220;Dragoni&#8221; divenne propriet\u00e0 dei marchesi Paluzzi Albertoni e verso la fine del XVII secolo la tenuta pass\u00f2 ai principi Altieri.\u00a0Alla fine del XIX secolo Antonio Corsetti la acquist\u00f2 dai principi Altieri e la tenuta fu divisa tra i due figli: Carlo ebbe la parte verso il Tevere e Francesco quella verso via dei Romagnoli. Dalla vendita e lottizzazione di quest&#8217;ultima parte della tenuta, sorse spontaneamente l&#8217;attuale quartiere. L&#8217; altura di casale Dragoncello, dove esisteva una piccola raccolta di materiale archeologico fino a pochi anni fa, \u00e8 stata erroneamente ritenuta la sede dell&#8217;antica citt\u00e0 latina di\u00a0Ficana\u00a0fino agli anni &#8217;70 dello scorso secolo. Nel 1971 la brillante ricercatrice prof. Stefanella Gigli ha correttamente identificato nella collina di Monte\u00a0Cugno\u00a0(Monti di San Paolo), distante circa 1,5 km da Dragoncello, il sito della citt\u00e0 latina distrutta dal re Anco Marzio durante la prima espansione di Roma verso il mare, culminata nella fondazione di Ostia. Negli anni\u00a080,a\u00a0Monte\u00a0Cugno\u00a0Ci furono dei lavori archeologici,\u00a0sostenuti\u00a0 dalla\u00a0Regina d&#8217;Olanda in\u00a0persona. Furono rinvenuti diversi\u00a0reperti, ma non\u00a0e&#8217;\u00a0rimasto nulla di\u00a0Ficana che, fondata sicuramente prima di Roma, non ebbe la fortuna di avete un&#8217;isola Tiberina che le permettesse di superare il fiume, allora molto pi\u00f9 ricco di acque di oggi. Sulla sponda dove oggi c&#8217;\u00e8 Ponte\u00a0Galeria\u00a0 c&#8217;erano\u00a0gli Etruschi. Virgilio nell&#8217;Eneide descrive la foce del Tevere e secondo alcuni studiosi sembra proprio che Enea, fuggito\u00a0da\u00a0 Troia\u00a0sia sbarcato proprio dove c&#8217;era\u00a0Ficana.\u00a0\u00a0 Villaggio San Francesco Sulla destra della via del Mare, su un terreno ceduto dal Comune, venne realizzato Il Villaggio su iniziativa della delegazione italiana dell\u2019&nbsp;UNRRA-CASAS&nbsp;(Comitato amministrativo soccorso ai senzatetto), ente edilizio parastatale, presieduto da Ludovico Montini, fratello del futuro pontefice Paolo IV, che riusc\u00ec ad ottenere gli aiuti dell\u2019organizzazione statunitense per progetti edilizi a vantaggio dei senza tetto. Fu finanziato anche con una donazione vaticana decisa da Pio XII.Nel 1948 si costitu\u00ec il&nbsp;Comitato Romano Villaggio san Francesco, ad opera di noti professionisti romani che gratuitamente di prestarono e il 4 ottobre del 1949, giorno della festa di San francesco, vennero assegnati i primi 30 alloggi, destinati principalmente ai sinistrati dei bombardamenti del luglio del 1943. Allo scopo di aiutare gli abitanti a trovar lavoro, sorsero la&nbsp;Sarma, che fabbricava mattonelle di mosaici per piscine e bagni, la&nbsp;Saffa&nbsp;che produceva fiammiferi e la&nbsp;Dorica&nbsp;che produceva inchiostro. Il film \u201cLe notti di Cabiria\u201d di\u00a0Fellini\u00a0, \u00e8 ambientato in gran parte nel territorio del Villaggio dove viveva la protagonista Cabiria ed \u00e8 un documento interessante per la storia del quartiere. Le &#8220;Casette Pater&#8221;, che furono costruite nel Villaggio,\u00a0 erano casette bifamiliari su un unico piano, realizzate con pannelli rettangolari di\u00a0&#8220;Populit&#8221;, la fibra di legno pressata e cementata, formanti i muri perimetrali; il solaio era costruito con\u00a0travature complesse\u00a0sostenenti un tetto di tegole a spiovente, tutte uguali e tutte dotate di oltre 1.000 m\u00b2 di terreno di pertinenza, per lo pi\u00f9 usato\u00a0ad orto\/giardino. Erano prive, in origine, di portico, terrazzi, box, soffitte e cantine (non avevano nemmeno le fondamenta). Gli appartamenti erano\u00a0\u00a0formati da salone, angolo cottura, un piccolo bagno, dotato solo di un vaso WC e piccolo lavandino e due camere, una grande ed una piccola; anche il terreno veniva diviso a met\u00e0 per la cura degli orti che numerosissimi crebbero in seguito; l&#8217;acqua era a forfait, un grande cassone posto in alto in ciascun bagno raccoglieva continuamente acqua erogata razionata da una chiavetta bollata non regolabile; per irrigare l&#8217;orto si scavarono pozzi azionati da pompe idrauliche a mano.\u00a0 Le casette dovevano essere abitate da due famiglie diverse ma, visto il grande numero di componenti di ciascuna, il governo fascista decise di dare una casa a famiglia. Paradossalmente ogni famiglia, pur sotto lo stesso tetto, viveva in due appartamenti separati, con due ingressi principali, due cucine, due saloni ma ben 4 camere e due bagni ed un terreno di 1000 m\u00b2.&nbsp; I traslochi della mobilia e delle masserizie degli assegnatari furono effettuati gratuitamente su autocarri del Governatorato di Roma, che si occup\u00f2 persino della fornitura delle lampadine elettriche. I primi abitatori di Acilia sembravano pi\u00f9 coloni che inquilini. La zona scelta per l&#8217;insediamento era umida, fredda, sabbiosa e desolata, non certo adatta alla salute di chi ci viveva; ma forse una casa con bagno molte famiglie ancora non l&#8217;avevano mai avuta.&nbsp; Il &#8220;centro commerciale&#8221; di allora, era la zona dei Monti di San Paolo, dov&#8217;era l&#8217;osteria, la Chiesa della Sacra Famiglia, completa di campanile anch&#8217;essa in fibra di legno pressata, un porticato con un bar e qualche negozietto di alimentari e merce varia, il tutto intorno ad una piazzetta, piazzetta che nel dopoguerra fu intitolata a Lido Duranti, martire\u00a0aciliano\u00a0delle Fosse Ardeatine.\u00a0 La zona al di l\u00e0 della ferrovia era collegata da un tornante per i pedoni e le macchine, il &#8220;Ponte di Acilia&#8221; che scavalcava la Via del Mare con un lungo arco decorato con tondi di fasci littori; da qui si scendeva per arrivare alla stazione di Acilia oppure pi\u00f9 avanti si attraversava il ponte sulla ferrovia e si era ad &#8220;Acilia vecchia&#8221; quella del Borgo Acilio, formata dalla Casa del Fascio, le scuole elementari inaugurate il 27 ottobre 1929, il presidio medico, qualche casa e pi\u00f9 avanti dalla chiesa di san Leonardo da Porto Maurizio, inaugurata il 7 novembre del 1936.\u00a0 Pomposamente, com&#8217;era nello stile della propaganda fascista, Acilia fu inserita nella collana &#8220;Le citt\u00e0 di Mussolini&#8221; con un piccolo libro, illustrato con diverse fotografie. In queste foto si mostrava la famiglia-tipo di Acilia mentre coltivava l&#8217;orto, desinava e passeggiava sui nuovi viali della borgata; per quelle foto ai giornalisti, la famiglia aveva indossato gli abiti pi\u00f9 decorosi che possedeva: si vedevano signore a pranzo con il vestito da sera di festa, uomini che coltivavano l&#8217;orto con il vestito del matrimonio e ragazzi che giocavano con il vestito della Prima Comunione. I giornalisti scrissero che quello che stupiva di Acilia era l&#8217;estrema povert\u00e0 dei suoi abitanti.\u00a0 Il 28 ottobre 1928 fu aperta la seconda autostrada al mondo, dopo la Milano-Laghi, la Roma-Ostia o&#8230;<\/p>\n","protected":false},"author":1,"featured_media":994,"comment_status":"closed","ping_status":"open","sticky":false,"template":"","format":"standard","meta":{"footnotes":""},"categories":[4],"tags":[88,89,25],"class_list":["post-976","post","type-post","status-publish","format-standard","has-post-thumbnail","hentry","category-secondaria1gr","tag-acilia","tag-dragoncello","tag-storia"],"views":6404,"_links":{"self":[{"href":"https:\/\/www.icgiovannipaoloii.edu.it\/blog\/wp-json\/wp\/v2\/posts\/976","targetHints":{"allow":["GET"]}}],"collection":[{"href":"https:\/\/www.icgiovannipaoloii.edu.it\/blog\/wp-json\/wp\/v2\/posts"}],"about":[{"href":"https:\/\/www.icgiovannipaoloii.edu.it\/blog\/wp-json\/wp\/v2\/types\/post"}],"author":[{"embeddable":true,"href":"https:\/\/www.icgiovannipaoloii.edu.it\/blog\/wp-json\/wp\/v2\/users\/1"}],"replies":[{"embeddable":true,"href":"https:\/\/www.icgiovannipaoloii.edu.it\/blog\/wp-json\/wp\/v2\/comments?post=976"}],"version-history":[{"count":1,"href":"https:\/\/www.icgiovannipaoloii.edu.it\/blog\/wp-json\/wp\/v2\/posts\/976\/revisions"}],"predecessor-version":[{"id":995,"href":"https:\/\/www.icgiovannipaoloii.edu.it\/blog\/wp-json\/wp\/v2\/posts\/976\/revisions\/995"}],"wp:featuredmedia":[{"embeddable":true,"href":"https:\/\/www.icgiovannipaoloii.edu.it\/blog\/wp-json\/wp\/v2\/media\/994"}],"wp:attachment":[{"href":"https:\/\/www.icgiovannipaoloii.edu.it\/blog\/wp-json\/wp\/v2\/media?parent=976"}],"wp:term":[{"taxonomy":"category","embeddable":true,"href":"https:\/\/www.icgiovannipaoloii.edu.it\/blog\/wp-json\/wp\/v2\/categories?post=976"},{"taxonomy":"post_tag","embeddable":true,"href":"https:\/\/www.icgiovannipaoloii.edu.it\/blog\/wp-json\/wp\/v2\/tags?post=976"}],"curies":[{"name":"wp","href":"https:\/\/api.w.org\/{rel}","templated":true}]}}